{"id":1036,"date":"2013-02-12T21:04:43","date_gmt":"2013-02-12T19:04:43","guid":{"rendered":"https:\/\/www.blipvert.es\/?p=1036"},"modified":"2020-01-23T18:34:56","modified_gmt":"2020-01-23T16:34:56","slug":"ya-funciona-el-segundo-mini-punto-limpio-de-sada-a-coruna","status":"publish","type":"post","link":"https:\/\/www.blipvert.es\/en\/ya-funciona-el-segundo-mini-punto-limpio-de-sada-a-coruna\/","title":{"rendered":"As Bra\u00f1as alberga ya el segundo mini punto limpio del centro urbano de Sada (A Coru\u00f1a)"},"content":{"rendered":"<div class=\"summary text-center\">El buen hacer de los sadenses en cuanto al reciclaje de los residuos obtuvo hace unos meses el reconocimiento del Consorcio das Mari\u00f1as, que decidi\u00f3 otorgar como premio la instalaci\u00f3n de un mini punto limpio en el centro urbano, algo que ya est\u00e1 colocado en el lugar elegido, que no es otro que la zona de As Bra\u00f1as.<\/div>\n<div><\/div>\n<div>Fuente:<\/div>\n<p><a href=\"https:\/\/www.elidealgallego.com\/articulo\/area-metropolitana\/as-branas-alberga-ya-el-segundo-mini-punto-limpio-de-todo-el-centro-urbano\/20130212020853108653.html\">https:\/\/www.elidealgallego.com\/articulo\/area-metropolitana\/as-branas-alberga-ya-el-segundo-mini-punto-limpio-de-todo-el-centro-urbano\/20130212020853108653.html<\/a><\/p>\n","protected":false},"excerpt":{"rendered":"<p>El buen hacer de los sadenses en cuanto al reciclaje de los residuos obtuvo hace unos meses el reconocimiento del Consorcio das Mari\u00f1as, que decidi\u00f3 otorgar como premio la instalaci\u00f3n de un mini punto limpio [&hellip;]<\/p>\n","protected":false},"author":3,"featured_media":1038,"comment_status":"closed","ping_status":"closed","sticky":false,"template":"","format":"standard","meta":[],"categories":[61],"tags":[],"_links":{"self":[{"href":"https:\/\/www.blipvert.es\/en\/wp-json\/wp\/v2\/posts\/1036"}],"collection":[{"href":"https:\/\/www.blipvert.es\/en\/wp-json\/wp\/v2\/posts"}],"about":[{"href":"https:\/\/www.blipvert.es\/en\/wp-json\/wp\/v2\/types\/post"}],"author":[{"embeddable":true,"href":"https:\/\/www.blipvert.es\/en\/wp-json\/wp\/v2\/users\/3"}],"replies":[{"embeddable":true,"href":"https:\/\/www.blipvert.es\/en\/wp-json\/wp\/v2\/comments?post=1036"}],"version-history":[{"count":3,"href":"https:\/\/www.blipvert.es\/en\/wp-json\/wp\/v2\/posts\/1036\/revisions"}],"predecessor-version":[{"id":1041,"href":"https:\/\/www.blipvert.es\/en\/wp-json\/wp\/v2\/posts\/1036\/revisions\/1041"}],"wp:featuredmedia":[{"embeddable":true,"href":"https:\/\/www.blipvert.es\/en\/wp-json\/wp\/v2\/media\/1038"}],"wp:attachment":[{"href":"https:\/\/www.blipvert.es\/en\/wp-json\/wp\/v2\/media?parent=1036"}],"wp:term":[{"taxonomy":"category","embeddable":true,"href":"https:\/\/www.blipvert.es\/en\/wp-json\/wp\/v2\/categories?post=1036"},{"taxonomy":"post_tag","embeddable":true,"href":"https:\/\/www.blipvert.es\/en\/wp-json\/wp\/v2\/tags?post=1036"}],"curies":[{"name":"wp","href":"https:\/\/api.w.org\/{rel}","templated":true}]}}