{"id":10738,"date":"2021-04-26T19:57:09","date_gmt":"2021-04-26T17:57:09","guid":{"rendered":"https:\/\/www.blipvert.es\/?p=10738"},"modified":"2021-12-13T12:13:29","modified_gmt":"2021-12-13T10:13:29","slug":"bunyola-instal%c2%b7la-dues-minideixalleries-per-a-piles-joguines-bombetes-i-altres-estris-de-petit-format","status":"publish","type":"post","link":"https:\/\/www.blipvert.es\/en\/bunyola-instal%c2%b7la-dues-minideixalleries-per-a-piles-joguines-bombetes-i-altres-estris-de-petit-format\/","title":{"rendered":"BUNYOLA (MALLORCA) JA T\u00c9 2 MINIDEIXALLERIES PER A PILES, JOGUINES, BOMBETES I ALTRES ESTRIS DE PETIT FORMAT"},"content":{"rendered":"<div id=\"block-pagetitle-4\" class=\"block block-core block-page-title-block block-pagetitle-4\"><\/div>\n<div id=\"block-home1-content\" class=\"block block-system block-system-main-block block-home1-content\">\n<div class=\"news-detail\">\n<div class=\"news-detail__header\">\n<div><img class=\"alignnone wp-image-10750 size-full\" src=\"https:\/\/www.blipvert.es\/wp-content\/uploads\/IMG-20210426-WA0029.jpg\" alt=\"Minideixalleries a Bunyola\" width=\"1599\" height=\"738\" srcset=\"https:\/\/www.blipvert.es\/wp-content\/uploads\/IMG-20210426-WA0029.jpg 1599w, https:\/\/www.blipvert.es\/wp-content\/uploads\/IMG-20210426-WA0029-150x69.jpg 150w, https:\/\/www.blipvert.es\/wp-content\/uploads\/IMG-20210426-WA0029-300x138.jpg 300w, https:\/\/www.blipvert.es\/wp-content\/uploads\/IMG-20210426-WA0029-768x354.jpg 768w, https:\/\/www.blipvert.es\/wp-content\/uploads\/IMG-20210426-WA0029-1280x591.jpg 1280w\" sizes=\"(max-width: 1599px) 100vw, 1599px\" \/><\/div>\n<div><\/div>\n<div class=\"field field--name-field-start-date field--type-datetime field--label-hidden field__item\">L&#8217;AJUNTAMENT DE BUNYOLA HA INSTAL\u00b7LAT AVUI DUES MINIDEIXALLERIES A DOS PUNTS DEL MUNICIPI.<\/div>\n<div class=\"field field--name-field-summary field--type-computed-string-long field--label-hidden field__item\">Una a la porxada del Mercat municipal, davant les oficines de la Policia, i l&#8217;altra a la urbanitzaci\u00f3 de Palmanyola, a l&#8217;avinguda de les D\u00e0lies.<br \/>\nEn aquestes <a href=\"https:\/\/www.blipvert.es\/minideixalleria\/\">minideixalleries<\/a><a href=\"https:\/\/www.blipvert.es\/minideixalleria\/\"> urbanes<\/a> es poden depositar piles, bateries, cartutxos d&#8217;impressores, tel\u00e8fons m\u00f2bils, joguines i aparells el\u00e8ctronics de petit format i bombetes Des de l&#8217;Ajuntament demanam que el dep\u00f2sit de residus se limiti a les prestacions de la minideixalleria. Agra\u00efm per endavant la col\u00b7laboraci\u00f3 ciutadana.<\/div>\n<div>L\u2019Ajuntament de Bunyola va ser pioner en la implantaci\u00f3 de la recollida selectiva, per la qual cosa en tot el terme municipal no hi ha contenidors.<\/div>\n<div><\/div>\n<\/div>\n<div><img class=\"alignnone wp-image-10747 size-full\" src=\"https:\/\/www.blipvert.es\/wp-content\/uploads\/20210428_201939.jpg\" alt=\"Minideixalleries a Bunyola\" width=\"1365\" height=\"631\" srcset=\"https:\/\/www.blipvert.es\/wp-content\/uploads\/20210428_201939.jpg 1365w, https:\/\/www.blipvert.es\/wp-content\/uploads\/20210428_201939-150x69.jpg 150w, https:\/\/www.blipvert.es\/wp-content\/uploads\/20210428_201939-300x139.jpg 300w, https:\/\/www.blipvert.es\/wp-content\/uploads\/20210428_201939-768x355.jpg 768w, https:\/\/www.blipvert.es\/wp-content\/uploads\/20210428_201939-1280x592.jpg 1280w\" sizes=\"(max-width: 1365px) 100vw, 1365px\" \/><\/div>\n<div class=\"news-detail__header\">\n<div><img class=\"alignnone wp-image-10744\" src=\"https:\/\/www.blipvert.es\/wp-content\/uploads\/20210428_201612.jpg\" alt=\"Minideixalleries a Bunyola\" width=\"1244\" height=\"575\" srcset=\"https:\/\/www.blipvert.es\/wp-content\/uploads\/20210428_201612.jpg 1088w, https:\/\/www.blipvert.es\/wp-content\/uploads\/20210428_201612-150x69.jpg 150w, https:\/\/www.blipvert.es\/wp-content\/uploads\/20210428_201612-300x139.jpg 300w, https:\/\/www.blipvert.es\/wp-content\/uploads\/20210428_201612-768x355.jpg 768w\" sizes=\"(max-width: 1244px) 100vw, 1244px\" \/><\/div>\n<\/div>\n<div><\/div>\n<div class=\"news-detail__header\">\n<div>Redueix, reutilitza, i com a \u00faltima opci\u00f3, recicla.<\/div>\n<div><a href=\"https:\/\/ajbunyola.net\/ca\/noticies\/lajuntament-de-bunyola-ha-installat-avui-dues-minideixalleries-dos-punts-distints-del\">Clic aqu\u00ed per veure la not\u00edcia original de l&#8217; Ajuntament de Bunyola<\/a><\/div>\n<\/div>\n<\/div>\n<\/div>\n<div><\/div>\n<div>Not\u00edcia a Fora Vila:<\/div>\n<blockquote class=\"wp-embedded-content\" data-secret=\"sohwQeIAHg\"><p><a href=\"https:\/\/www.foravila.net\/altres\/bunyola-installa-dues-minideixalleries-per-a-piles-joguines-bombetes-i-altres-estris-de-petit-format\/\">Bunyola instal\u00b7la dues minideixalleries per a piles, joguines, bombetes i altres estris de petit format<\/a><\/p><\/blockquote>\n<p><iframe class=\"wp-embedded-content\" sandbox=\"allow-scripts\" security=\"restricted\" style=\"position: absolute; clip: rect(1px, 1px, 1px, 1px);\" title=\"&#8220;Bunyola instal\u00b7la dues minideixalleries per a piles, joguines, bombetes i altres estris de petit format&#8221; &#8212; Fora Vila\" src=\"https:\/\/www.foravila.net\/altres\/bunyola-installa-dues-minideixalleries-per-a-piles-joguines-bombetes-i-altres-estris-de-petit-format\/embed\/#?secret=sohwQeIAHg\" data-secret=\"sohwQeIAHg\" width=\"500\" height=\"282\" frameborder=\"0\" marginwidth=\"0\" marginheight=\"0\" scrolling=\"no\"><\/iframe><\/p>\n<p>&nbsp;<\/p>\n","protected":false},"excerpt":{"rendered":"<p>L&#8217;AJUNTAMENT DE BUNYOLA HA INSTAL\u00b7LAT AVUI DUES MINIDEIXALLERIES A DOS PUNTS DEL MUNICIPI. Una a la porxada del Mercat municipal, davant les oficines de la Policia, i l&#8217;altra a la urbanitzaci\u00f3 de Palmanyola, a l&#8217;avinguda [&hellip;]<\/p>\n","protected":false},"author":3,"featured_media":10750,"comment_status":"closed","ping_status":"closed","sticky":false,"template":"","format":"standard","meta":[],"categories":[64],"tags":[],"_links":{"self":[{"href":"https:\/\/www.blipvert.es\/en\/wp-json\/wp\/v2\/posts\/10738"}],"collection":[{"href":"https:\/\/www.blipvert.es\/en\/wp-json\/wp\/v2\/posts"}],"about":[{"href":"https:\/\/www.blipvert.es\/en\/wp-json\/wp\/v2\/types\/post"}],"author":[{"embeddable":true,"href":"https:\/\/www.blipvert.es\/en\/wp-json\/wp\/v2\/users\/3"}],"replies":[{"embeddable":true,"href":"https:\/\/www.blipvert.es\/en\/wp-json\/wp\/v2\/comments?post=10738"}],"version-history":[{"count":7,"href":"https:\/\/www.blipvert.es\/en\/wp-json\/wp\/v2\/posts\/10738\/revisions"}],"predecessor-version":[{"id":13110,"href":"https:\/\/www.blipvert.es\/en\/wp-json\/wp\/v2\/posts\/10738\/revisions\/13110"}],"wp:featuredmedia":[{"embeddable":true,"href":"https:\/\/www.blipvert.es\/en\/wp-json\/wp\/v2\/media\/10750"}],"wp:attachment":[{"href":"https:\/\/www.blipvert.es\/en\/wp-json\/wp\/v2\/media?parent=10738"}],"wp:term":[{"taxonomy":"category","embeddable":true,"href":"https:\/\/www.blipvert.es\/en\/wp-json\/wp\/v2\/categories?post=10738"},{"taxonomy":"post_tag","embeddable":true,"href":"https:\/\/www.blipvert.es\/en\/wp-json\/wp\/v2\/tags?post=10738"}],"curies":[{"name":"wp","href":"https:\/\/api.w.org\/{rel}","templated":true}]}}