{"id":11134,"date":"2021-04-20T13:08:01","date_gmt":"2021-04-20T11:08:01","guid":{"rendered":"https:\/\/www.blipvert.es\/?p=11134"},"modified":"2021-10-25T16:02:29","modified_gmt":"2021-10-25T14:02:29","slug":"alzira-destaca-la-buena-acogida-del-minipunto-de-reciclaje-en-la-plaza-major","status":"publish","type":"post","link":"https:\/\/www.blipvert.es\/en\/alzira-destaca-la-buena-acogida-del-minipunto-de-reciclaje-en-la-plaza-major\/","title":{"rendered":"ECOPARQUE DE RECICLAJE EN ALZIRA"},"content":{"rendered":"<p>El <a href=\"http:\/\/www.alzira.es\/alzira_vpm\/index.php\/val\/noticies\/12884-alzira-instal-la-un-minipunt-net-a-la-placa-major\">Ayuntamiento de Alzira<\/a>, desde la concejal\u00eda de Servicios Urbanos, contin\u00faa apostando por el reciclaje, por ello ha instalado un <a href=\"https:\/\/www.blipvert.es\/es\/minipuntolimpio\/\">minipunto limpio<\/a> a la plaza Mayor que permite la recogida de c\u00e1psulas de caf\u00e9; tapones de corcho; aparato el\u00e9ctricos y electr\u00f3nicos; cargadores; pilas, bater\u00edas y acumuladores; bombillas led; y bombillas de bajo consumo.<\/p>\n<p><img class=\"alignnone wp-image-11139 size-full\" src=\"https:\/\/www.blipvert.es\/wp-content\/uploads\/minipunt-2.jpg\" alt=\"Ecoparque de reciclaje en alzira \" width=\"1080\" height=\"1401\" srcset=\"https:\/\/www.blipvert.es\/wp-content\/uploads\/minipunt-2.jpg 1080w, https:\/\/www.blipvert.es\/wp-content\/uploads\/minipunt-2-116x150.jpg 116w, https:\/\/www.blipvert.es\/wp-content\/uploads\/minipunt-2-231x300.jpg 231w, https:\/\/www.blipvert.es\/wp-content\/uploads\/minipunt-2-768x996.jpg 768w, https:\/\/www.blipvert.es\/wp-content\/uploads\/minipunt-2-987x1280.jpg 987w\" sizes=\"(max-width: 1080px) 100vw, 1080px\" \/><\/p>\n<p>&#8220;En los primeros d\u00edas de funcionamiento el resultado es <strong>altamente satisfactorio, ya que se han depositado todo tipo de elementos en los espacios habilitados en el minipunto<\/strong> limpio. Hacer un buen uso es positivo para todas y todos, ya que ayuda a mantener en condiciones el medio ambiente en el municipio &#8220;, seg\u00fan el concejal encargado del \u00e1rea, Fernando Pascual.<\/p>\n<p>La buena acogida del minipunto limpio en la plaza Mayor anima a que en un futuro se instalen m\u00e1s en otros lugares de Alzira para facilitar la tarea del reciclaje. &#8220;Afortunadamente cada vez estamos m\u00e1s concienciados en la necesidad de reciclar porque entre otras cosas ayuda a evitar la explotaci\u00f3n de los recursos naturales; se evitan los m\u00e9todos de extracci\u00f3n de recursos naturales, que son invasivos y contaminantes. Adem\u00e1s de reducir la contaminaci\u00f3n, proporcionando una atm\u00f3sfera m\u00e1s limpia &#8220;, ha se\u00f1alado el concejal.<\/p>\n<p><a href=\"https:\/\/www.lasprovincias.es\/ribera-costera\/alzira-destaca-buena-20210420101541-nt.html\">Ver noticia original en Las Provincias.<\/a><\/p>\n","protected":false},"excerpt":{"rendered":"<p>El Ayuntamiento de Alzira, desde la concejal\u00eda de Servicios Urbanos, contin\u00faa apostando por el reciclaje, por ello ha instalado un minipunto limpio a la plaza Mayor que permite la recogida de c\u00e1psulas de caf\u00e9; tapones [&hellip;]<\/p>\n","protected":false},"author":3,"featured_media":11136,"comment_status":"closed","ping_status":"closed","sticky":false,"template":"","format":"standard","meta":[],"categories":[66],"tags":[],"_links":{"self":[{"href":"https:\/\/www.blipvert.es\/en\/wp-json\/wp\/v2\/posts\/11134"}],"collection":[{"href":"https:\/\/www.blipvert.es\/en\/wp-json\/wp\/v2\/posts"}],"about":[{"href":"https:\/\/www.blipvert.es\/en\/wp-json\/wp\/v2\/types\/post"}],"author":[{"embeddable":true,"href":"https:\/\/www.blipvert.es\/en\/wp-json\/wp\/v2\/users\/3"}],"replies":[{"embeddable":true,"href":"https:\/\/www.blipvert.es\/en\/wp-json\/wp\/v2\/comments?post=11134"}],"version-history":[{"count":6,"href":"https:\/\/www.blipvert.es\/en\/wp-json\/wp\/v2\/posts\/11134\/revisions"}],"predecessor-version":[{"id":12712,"href":"https:\/\/www.blipvert.es\/en\/wp-json\/wp\/v2\/posts\/11134\/revisions\/12712"}],"wp:featuredmedia":[{"embeddable":true,"href":"https:\/\/www.blipvert.es\/en\/wp-json\/wp\/v2\/media\/11136"}],"wp:attachment":[{"href":"https:\/\/www.blipvert.es\/en\/wp-json\/wp\/v2\/media?parent=11134"}],"wp:term":[{"taxonomy":"category","embeddable":true,"href":"https:\/\/www.blipvert.es\/en\/wp-json\/wp\/v2\/categories?post=11134"},{"taxonomy":"post_tag","embeddable":true,"href":"https:\/\/www.blipvert.es\/en\/wp-json\/wp\/v2\/tags?post=11134"}],"curies":[{"name":"wp","href":"https:\/\/api.w.org\/{rel}","templated":true}]}}