{"id":1214,"date":"2018-09-14T11:40:48","date_gmt":"2018-09-14T09:40:48","guid":{"rendered":"https:\/\/www.blipvert.es\/?p=1214"},"modified":"2020-01-23T18:14:16","modified_gmt":"2020-01-23T16:14:16","slug":"solec-kujawski-zakupilismy-miejski-punkt-na-elektroodpady-znajduje-sie-przy-poczcie-ul-23-stycznia-14a-w-przyszlym-roku-planujemy-zakup-kolejnych","status":"publish","type":"post","link":"https:\/\/www.blipvert.es\/en\/solec-kujawski-zakupilismy-miejski-punkt-na-elektroodpady-znajduje-sie-przy-poczcie-ul-23-stycznia-14a-w-przyszlym-roku-planujemy-zakup-kolejnych\/","title":{"rendered":"SOLEC KUJAWSKI (Poland) Zakupili\u015bmy &#8220;miejski punkt na elektroodpady&#8221;."},"content":{"rendered":"<div class=\"y_rmifxf4lz t_rmifxbnfi clearfix\">\n<div class=\"clearfix j_rmifxf2v6\">\n<div class=\"_38vo\">\n<div><img class=\"_s0 _4ooo _5xib _5sq7 _44ma _rw img\" role=\"img\" src=\"https:\/\/scontent-mad1-1.xx.fbcdn.net\/v\/t1.0-1\/p50x50\/24231984_160102591271085_3450685469031708837_n.jpg?_nc_cat=100&amp;_nc_ht=scontent-mad1-1.xx&amp;oh=8153037639ab9bf8e0e9f60b67c2be77&amp;oe=5CB20081\" alt=\"\" aria-label=\"Urz\u0105d Solec Kujawski\" \/><\/div>\n<\/div>\n<div class=\"clearfix _42ef\">\n<div class=\"rfloat _ohf\"><a href=\"https:\/\/www.facebook.com\/Urz%C4%85d-Solec-Kujawski-160081547939856\/?__tn__=kC-R&amp;eid=ARC6-Qs0QXTgBkon8luFOryPfNHix03Kpsg71Cd338Gcus5B9j53rWk1_Yl9KYlWO__WzbjX32cQrj7_&amp;hc_ref=ARSs3qVOUlfBt9PoNf8x1gmm3YdLLnNZaqFwBVD7Ec_6bM0hPW9HZr9kSi3bGysDTpo&amp;fref=nf&amp;__xts__%5B0%5D=68.ARCTHASGhU7MyL0Y9FpRAUhQgztMAtbaqwEes48cHxaB2UT8cOEjNEXUwwzJ_4X9Wc5_mRN_HIOlOR6NYO0ci3AR8cVYQQhi8jq-sZgTcqaNk031tK0N0fmE4U5JpyrJkpWALtQJM2f4fOEVgPpnXuzeJEob4UEsNP2lOKAzJmoKDQU-Xr0IJhWnaSDfArTOL9rPHnyIm-8bb97V7MWUV0_E7XlEv8UFReSEDbYFsbzIs7x96xEr5HUKngi35_ky63FLUvFV9cdYZQzSAKQl80UQdgHXiswJifv05EL7qrwMP8Yfr2xiQMviOHjiwXSnTuWmNR4rwSjyK4WKENooI98\" data-hovercard=\"\/ajax\/hovercard\/page.php?id=160081547939856&amp;extragetparams=%7B%22__tn__%22%3A%22%2CdkC-R-R%22%2C%22eid%22%3A%22ARC6-Qs0QXTgBkon8luFOryPfNHix03Kpsg71Cd338Gcus5B9j53rWk1_Yl9KYlWO__WzbjX32cQrj7_%22%2C%22hc_ref%22%3A%22ARSs3qVOUlfBt9PoNf8x1gmm3YdLLnNZaqFwBVD7Ec_6bM0hPW9HZr9kSi3bGysDTpo%22%2C%22fref%22%3A%22nf%22%7D\" data-hovercard-prefer-more-content-show=\"1\" data-hovercard-referer=\"ARSs3qVOUlfBt9PoNf8x1gmm3YdLLnNZaqFwBVD7Ec_6bM0hPW9HZr9kSi3bGysDTpo\">Urz\u0105d Solec Kujawski<\/a><\/div>\n<div class=\"b_rmifxf2vd\">\n<div class=\"_6a _5u5j\">\n<div class=\"_6a _5u5j _6b\">\n<div id=\"feed_subtitle_160081547939856;279769335971076;;9\" class=\"_5pcp _5lel _2jyu _232_\" data-testid=\"story-subtitle\"><span class=\"x_rmifxglj6\"><span class=\"fsm fwn fcg\"><a class=\"_5pcq\" href=\"https:\/\/www.facebook.com\/160081547939856\/photos\/a.160098961271448\/279769315971078\/?type=3&amp;__xts__%5B0%5D=68.ARCTHASGhU7MyL0Y9FpRAUhQgztMAtbaqwEes48cHxaB2UT8cOEjNEXUwwzJ_4X9Wc5_mRN_HIOlOR6NYO0ci3AR8cVYQQhi8jq-sZgTcqaNk031tK0N0fmE4U5JpyrJkpWALtQJM2f4fOEVgPpnXuzeJEob4UEsNP2lOKAzJmoKDQU-Xr0IJhWnaSDfArTOL9rPHnyIm-8bb97V7MWUV0_E7XlEv8UFReSEDbYFsbzIs7x96xEr5HUKngi35_ky63FLUvFV9cdYZQzSAKQl80UQdgHXiswJifv05EL7qrwMP8Yfr2xiQMviOHjiwXSnTuWmNR4rwSjyK4WKENooI98&amp;__tn__=-R\" target=\"\" rel=\"theater\"><abbr class=\"_5ptz\" title=\"14\/09\/2018 10:54\" data-utime=\"1536915276\" data-shorten=\"1\"><span id=\"js_p\" class=\"timestampContent\">14 de septiembre<\/span><\/abbr><\/a><\/span><\/span><span class=\"_6spk\" role=\"presentation\" aria-hidden=\"true\">\u00a0\u00b7\u00a0<\/span><i class=\"lock img sp_ko1-s7ut-V0 sx_c81556\"><\/i><\/div>\n<\/div>\n<\/div>\n<\/div>\n<\/div>\n<\/div>\n<\/div>\n<div id=\"js_q\" class=\"_5pbx userContent _3576\" data-ad-preview=\"message\" data-ft=\"{&quot;tn&quot;:&quot;K&quot;}\">\n<div>\n<p>Pierwszy w Solcu&#8230;<\/p>\n<p>Zakupili\u015bmy &#8220;miejski punkt na elektroodpady&#8221;. Znajduje si\u0119 przy poczcie (ul. 23 stycznia 14a). W przysz\u0142ym roku planujemy zakup kolejnych.<\/p>\n<div id=\"u_0_1l\" class=\"_43f9 _63qh\" data-ft=\"{&quot;tn&quot;:&quot;,K&quot;}\"><a role=\"button\" href=\"https:\/\/www.facebook.com\/160081547939856\/photos\/pierwszy-w-solcuzakupili%C5%9Bmy-miejski-punkt-na-elektroodpady-znajduje-si%C4%99-przy-poc\/279769315971078\/#\">Ver traducci\u00f3n<\/a><span id=\"translationSpinnerPlaceholder_279769335971076\" class=\"_3-8s\"><\/span><\/div>\n<\/div>\n<\/div>\n<div class=\"_3x-2\" data-ft=\"{&quot;tn&quot;:&quot;H&quot;}\">\n<div data-ft=\"{&quot;tn&quot;:&quot;H&quot;}\">\n<div class=\"mtm\">\n<div>\n<div class=\"_1ktf\" data-ft=\"{&quot;tn&quot;:&quot;E&quot;}\">\n<div class=\"uiScaledImageContainer _517g\"><img class=\"scaledImageFitHeight img aligncenter\" src=\"https:\/\/scontent-mad1-1.xx.fbcdn.net\/v\/t1.0-0\/p526x296\/41815213_279769322637744_6820494313286270976_o.jpg?_nc_cat=106&amp;_nc_ht=scontent-mad1-1.xx&amp;oh=db47723884b6195903945f72405f3e78&amp;oe=5C64CB70\" alt=\"No hay texto alternativo autom\u00e1tico disponible.\" width=\"501\" height=\"675\" \/><\/div>\n<div style=\"text-align: center;\"><a href=\"https:\/\/www.facebook.com\/Urz%C4%85d-Solec-Kujawski-160081547939856\/\" target=\"_blank\" rel=\"noopener\">https:\/\/www.facebook.com\/Urz%C4%85d-Solec-Kujawski-160081547939856\/<\/a><\/div>\n<\/div>\n<\/div>\n<\/div>\n<\/div>\n<\/div>\n","protected":false},"excerpt":{"rendered":"<p>Urz\u0105d Solec Kujawski 14 de septiembre\u00a0\u00b7\u00a0 Pierwszy w Solcu&#8230; Zakupili\u015bmy &#8220;miejski punkt na elektroodpady&#8221;. Znajduje si\u0119 przy poczcie (ul. 23 stycznia 14a). W przysz\u0142ym roku planujemy zakup kolejnych. Ver traducci\u00f3n https:\/\/www.facebook.com\/Urz%C4%85d-Solec-Kujawski-160081547939856\/<\/p>\n","protected":false},"author":3,"featured_media":1216,"comment_status":"closed","ping_status":"closed","sticky":false,"template":"","format":"standard","meta":[],"categories":[34],"tags":[],"_links":{"self":[{"href":"https:\/\/www.blipvert.es\/en\/wp-json\/wp\/v2\/posts\/1214"}],"collection":[{"href":"https:\/\/www.blipvert.es\/en\/wp-json\/wp\/v2\/posts"}],"about":[{"href":"https:\/\/www.blipvert.es\/en\/wp-json\/wp\/v2\/types\/post"}],"author":[{"embeddable":true,"href":"https:\/\/www.blipvert.es\/en\/wp-json\/wp\/v2\/users\/3"}],"replies":[{"embeddable":true,"href":"https:\/\/www.blipvert.es\/en\/wp-json\/wp\/v2\/comments?post=1214"}],"version-history":[{"count":5,"href":"https:\/\/www.blipvert.es\/en\/wp-json\/wp\/v2\/posts\/1214\/revisions"}],"predecessor-version":[{"id":1815,"href":"https:\/\/www.blipvert.es\/en\/wp-json\/wp\/v2\/posts\/1214\/revisions\/1815"}],"wp:featuredmedia":[{"embeddable":true,"href":"https:\/\/www.blipvert.es\/en\/wp-json\/wp\/v2\/media\/1216"}],"wp:attachment":[{"href":"https:\/\/www.blipvert.es\/en\/wp-json\/wp\/v2\/media?parent=1214"}],"wp:term":[{"taxonomy":"category","embeddable":true,"href":"https:\/\/www.blipvert.es\/en\/wp-json\/wp\/v2\/categories?post=1214"},{"taxonomy":"post_tag","embeddable":true,"href":"https:\/\/www.blipvert.es\/en\/wp-json\/wp\/v2\/tags?post=1214"}],"curies":[{"name":"wp","href":"https:\/\/api.w.org\/{rel}","templated":true}]}}