{"id":13526,"date":"2022-02-02T19:53:37","date_gmt":"2022-02-02T17:53:37","guid":{"rendered":"https:\/\/www.blipvert.es\/?p=13526"},"modified":"2022-02-16T15:35:11","modified_gmt":"2022-02-16T13:35:11","slug":"donde-tirar-las-bombillas-o-las-pilas-en-krynica","status":"publish","type":"post","link":"https:\/\/www.blipvert.es\/en\/donde-tirar-las-bombillas-o-las-pilas-en-krynica\/","title":{"rendered":"WHERE TO THROW AWAY THE BULBS OR THE BATTERIES IN KRYNICA?"},"content":{"rendered":"<div class=\"itemImageBlock clearfix\">\n<div class=\"clr\"><img class=\"aligncenter wp-image-13549 size-full\" src=\"https:\/\/www.blipvert.es\/wp-content\/uploads\/268071716_1798302847021932_8610032432952086621_n.jpg\" alt=\"\" width=\"2048\" height=\"922\" srcset=\"https:\/\/www.blipvert.es\/wp-content\/uploads\/268071716_1798302847021932_8610032432952086621_n.jpg 2048w, https:\/\/www.blipvert.es\/wp-content\/uploads\/268071716_1798302847021932_8610032432952086621_n-300x135.jpg 300w, https:\/\/www.blipvert.es\/wp-content\/uploads\/268071716_1798302847021932_8610032432952086621_n-1280x576.jpg 1280w, https:\/\/www.blipvert.es\/wp-content\/uploads\/268071716_1798302847021932_8610032432952086621_n-150x68.jpg 150w, https:\/\/www.blipvert.es\/wp-content\/uploads\/268071716_1798302847021932_8610032432952086621_n-768x346.jpg 768w, https:\/\/www.blipvert.es\/wp-content\/uploads\/268071716_1798302847021932_8610032432952086621_n-1536x692.jpg 1536w\" sizes=\"(max-width: 2048px) 100vw, 2048px\" \/><\/div>\n<\/div>\n<div class=\"itemHeader\">\n<h2 class=\"itemTitle\">Gdzie wyrzuci\u0107 \u017car\u00f3wk\u0119 lub baterie? W Krynicy powsta\u0142 <a href=\"https:\/\/www.blipvert.es\/en\/urban-recycling-station\/\">Miejski Punkt Elektroodpad\u00f3w<\/a><\/h2>\n<\/div>\n<div class=\"itemNaviTop\">\n<dl class=\"article-info\">\n<dd><span class=\"itemAuthor\"> posted by <a href=\"https:\/\/wap.krynica.tv\/aktualnosci\/autor\/189-redakcja.html\" rel=\"author\">Redakcja<\/a><\/span><\/dd>\n<dd><span class=\"itemDateCreated\"> 17\/12\/2021<\/span><\/dd>\n<dd class=\"item-caption\"><\/dd>\n<\/dl>\n<\/div>\n<div class=\"itemIntroText\">\n<p><strong>Od 16 grudnia w Krynicy funkcjonuje Miejski Punkt Elektroodpad\u00f3w. Je\u015bli masz w domu zu\u017cyte baterie &#8211; MPE jest odpowiednim miejscem, by je wyrzuci\u0107.\u00a0<\/strong><\/p>\n<\/div>\n<div class=\"itemFullText\">\n<p><strong>Czytaj r\u00f3wnie\u017c:\u00a0<a href=\"https:\/\/wap.krynica.tv\/aktualnosci\/zapowiadaja-opady-sniegu-w-nocy-ma-go-przybyc-do-20-cm.html\">Zapowiadaj\u0105 opady \u015bniegu &#8211; w nocy ma go przyby\u0107 do 20 cm.<\/a><\/strong><\/p>\n<p>Miejski Punkt Elektroodpad\u00f3w, kt\u00f3ry pojawi\u0142 si\u0119 obok budynku Urz\u0119du Miejskiego w Krynicy-Zdroju, to punkt, w kt\u00f3rym mo\u017cna wyrzuca\u0107 posegregowane odpady takie jak: p\u0142yty CD\/DVD, tonery, baterie, \u017car\u00f3wki, telefony.<\/p>\n<p>&nbsp;<\/p>\n<p><img src=\"https:\/\/wap.krynica.tv\/images\/x267430651_1798302753688608_8143094435269124232_n.jpg.pagespeed.ic.p_fHDs28KE.jpg\" srcset=\"https:\/\/wap.krynica.tv\/images\/267430651_1798302753688608_8143094435269124232_n.jpg 2x, https:\/\/wap.krynica.tv\/images\/x267430651_1798302753688608_8143094435269124232_n.jpg.pagespeed.ic.p_fHDs28KE.jpg 1x\" alt=\"267430651 1798302753688608 8143094435269124232 n\" width=\"1259\" height=\"2048\" data-pagespeed-url-hash=\"2575683911\" \/><\/p>\n<p>Redakcja,<br \/>\nInf. UM Krynica-Zdr\u00f3j<\/p>\n<p>&nbsp;<\/p>\n<p style=\"text-align: center;\"><a href=\"https:\/\/wap.krynica.tv\/aktualnosci\/gdzie-wyrzucic-zarowke-lub-baterie-w-krynicy-powstal-miejski-punkt-elektroodpadow.html\">For the original news on krynica.tv, click here.<\/a><\/p>\n<p style=\"text-align: center;\"><a href=\"https:\/\/kazarpolska.pl\/produkty\/miejski-punkt-elektroodpadow\/\">Contact with KAZAR POLSKA (Oficial Distributor for Poland) clicking here.<\/a><\/p>\n<p style=\"text-align: center;\"><a href=\"https:\/\/www.blipvert.es\/en\/contact\/\">Contact with BLIPVERT RECOLOGICS HEADQUARTERS clicking here.<\/a><\/p>\n<\/div>\n","protected":false},"excerpt":{"rendered":"<p>Gdzie wyrzuci\u0107 \u017car\u00f3wk\u0119 lub baterie? W Krynicy powsta\u0142 Miejski Punkt Elektroodpad\u00f3w posted by Redakcja 17\/12\/2021 Od 16 grudnia w Krynicy funkcjonuje Miejski Punkt Elektroodpad\u00f3w. Je\u015bli masz w domu zu\u017cyte baterie &#8211; MPE jest odpowiednim miejscem, [&hellip;]<\/p>\n","protected":false},"author":3,"featured_media":13549,"comment_status":"closed","ping_status":"closed","sticky":false,"template":"","format":"standard","meta":[],"categories":[34],"tags":[],"_links":{"self":[{"href":"https:\/\/www.blipvert.es\/en\/wp-json\/wp\/v2\/posts\/13526"}],"collection":[{"href":"https:\/\/www.blipvert.es\/en\/wp-json\/wp\/v2\/posts"}],"about":[{"href":"https:\/\/www.blipvert.es\/en\/wp-json\/wp\/v2\/types\/post"}],"author":[{"embeddable":true,"href":"https:\/\/www.blipvert.es\/en\/wp-json\/wp\/v2\/users\/3"}],"replies":[{"embeddable":true,"href":"https:\/\/www.blipvert.es\/en\/wp-json\/wp\/v2\/comments?post=13526"}],"version-history":[{"count":8,"href":"https:\/\/www.blipvert.es\/en\/wp-json\/wp\/v2\/posts\/13526\/revisions"}],"predecessor-version":[{"id":13552,"href":"https:\/\/www.blipvert.es\/en\/wp-json\/wp\/v2\/posts\/13526\/revisions\/13552"}],"wp:featuredmedia":[{"embeddable":true,"href":"https:\/\/www.blipvert.es\/en\/wp-json\/wp\/v2\/media\/13549"}],"wp:attachment":[{"href":"https:\/\/www.blipvert.es\/en\/wp-json\/wp\/v2\/media?parent=13526"}],"wp:term":[{"taxonomy":"category","embeddable":true,"href":"https:\/\/www.blipvert.es\/en\/wp-json\/wp\/v2\/categories?post=13526"},{"taxonomy":"post_tag","embeddable":true,"href":"https:\/\/www.blipvert.es\/en\/wp-json\/wp\/v2\/tags?post=13526"}],"curies":[{"name":"wp","href":"https:\/\/api.w.org\/{rel}","templated":true}]}}