{"id":13636,"date":"2022-02-25T16:12:25","date_gmt":"2022-02-25T14:12:25","guid":{"rendered":"https:\/\/www.blipvert.es\/?p=13636"},"modified":"2022-02-25T16:15:34","modified_gmt":"2022-02-25T14:15:34","slug":"colera-alt-emporda-estrena-nou-servei-de-minideixalleria","status":"publish","type":"post","link":"https:\/\/www.blipvert.es\/en\/colera-alt-emporda-estrena-nou-servei-de-minideixalleria\/","title":{"rendered":"COLERA (ALT EMPORD\u00c0) ESTRENA NOU SERVEI DE MINIDEIXALLERIA"},"content":{"rendered":"<p>L&#8217; Ajuntament de Colera ha instal\u00b7lat avui una minideixalleria urbana amb l\u2019objectiu de facilitar el reciclatge de petits residus especials. El nou equipament ja est\u00e0 en servei DE MANERA PERMANENT,<br \/>\n24 hores\/dia, \u00a07 dies\/setmana, i 365 dies\/any.<\/p>\n<p><img class=\"aligncenter wp-image-13637 size-full\" src=\"https:\/\/www.blipvert.es\/wp-content\/uploads\/20220225_142400.jpg\" alt=\"\" width=\"1430\" height=\"658\" srcset=\"https:\/\/www.blipvert.es\/wp-content\/uploads\/20220225_142400.jpg 1430w, https:\/\/www.blipvert.es\/wp-content\/uploads\/20220225_142400-300x138.jpg 300w, https:\/\/www.blipvert.es\/wp-content\/uploads\/20220225_142400-1280x589.jpg 1280w, https:\/\/www.blipvert.es\/wp-content\/uploads\/20220225_142400-150x69.jpg 150w, https:\/\/www.blipvert.es\/wp-content\/uploads\/20220225_142400-768x353.jpg 768w\" sizes=\"(max-width: 1430px) 100vw, 1430px\" \/><\/p>\n<p>Es tracta d\u2019 un contenidor de petit volum, per\u00f2 alhora compartimentat de manera que disposa de set b\u00fasties independents, que van a parar a cadascun dels set dip\u00f2sits classificadors de miniresidus. Com que els usuaris veuen en cada b\u00fastia el nom i la fotografia del residu que estan reciclant, no hi ha confusi\u00f3, i la segregaci\u00f3 es perfecta.<\/p>\n<p>Els set residus a reciclar escollits d&#8217;inici pel consistori s\u00f3n: tot tipus de piles, bateries i acumuladors, discos CD i DVD, cartutxos d\u2019impressora, RAEE (Residus d&#8217; Aparells El\u00e8ctrics i Electr\u00f2nics) de petit format, i tot tipus de bombetes, de baix consum i LED.<\/p>\n<p><img class=\"aligncenter wp-image-13640 size-full\" src=\"https:\/\/www.blipvert.es\/wp-content\/uploads\/IMG-20220225-WA0015.jpg\" alt=\"\" width=\"2048\" height=\"945\" srcset=\"https:\/\/www.blipvert.es\/wp-content\/uploads\/IMG-20220225-WA0015.jpg 2048w, https:\/\/www.blipvert.es\/wp-content\/uploads\/IMG-20220225-WA0015-300x138.jpg 300w, https:\/\/www.blipvert.es\/wp-content\/uploads\/IMG-20220225-WA0015-1280x591.jpg 1280w, https:\/\/www.blipvert.es\/wp-content\/uploads\/IMG-20220225-WA0015-150x69.jpg 150w, https:\/\/www.blipvert.es\/wp-content\/uploads\/IMG-20220225-WA0015-768x354.jpg 768w, https:\/\/www.blipvert.es\/wp-content\/uploads\/IMG-20220225-WA0015-1536x709.jpg 1536w\" sizes=\"(max-width: 2048px) 100vw, 2048px\" \/><\/p>\n<p>Com es pot veure a les imatges, la nova minideixallaria de Colera serveix tamb\u00e9 de suport per una comunicaci\u00f3 municipal moderna i ecol\u00f2gica.<\/p>\n<p>A m\u00e9s, <a href=\"https:\/\/www.blipvert.es\/minideixalleria\/\">el sistema patentat de boques intercambiables<\/a> permet al consistori adaptar la minideixalleria en qualsevol moment, en funci\u00f3 de la demanda popular. V\u00e9s a saber quins nous miniresidus haurem de reciclar en el futur.<\/p>\n<p>&nbsp;<\/p>\n<p style=\"text-align: center;\"><a href=\"https:\/\/www.blipvert.es\">Tota la informaci\u00f3 de les minideixalleries a minis.cat fent clic aqu\u00ed<\/a><\/p>\n<p style=\"text-align: center;\">Blipvert Recologics, 2022<\/p>\n","protected":false},"excerpt":{"rendered":"<p>L&#8217; Ajuntament de Colera ha instal\u00b7lat avui una minideixalleria urbana amb l\u2019objectiu de facilitar el reciclatge de petits residus especials. El nou equipament ja est\u00e0 en servei DE MANERA PERMANENT, 24 hores\/dia, \u00a07 dies\/setmana, i [&hellip;]<\/p>\n","protected":false},"author":3,"featured_media":13637,"comment_status":"closed","ping_status":"closed","sticky":false,"template":"","format":"standard","meta":[],"categories":[31],"tags":[],"_links":{"self":[{"href":"https:\/\/www.blipvert.es\/en\/wp-json\/wp\/v2\/posts\/13636"}],"collection":[{"href":"https:\/\/www.blipvert.es\/en\/wp-json\/wp\/v2\/posts"}],"about":[{"href":"https:\/\/www.blipvert.es\/en\/wp-json\/wp\/v2\/types\/post"}],"author":[{"embeddable":true,"href":"https:\/\/www.blipvert.es\/en\/wp-json\/wp\/v2\/users\/3"}],"replies":[{"embeddable":true,"href":"https:\/\/www.blipvert.es\/en\/wp-json\/wp\/v2\/comments?post=13636"}],"version-history":[{"count":6,"href":"https:\/\/www.blipvert.es\/en\/wp-json\/wp\/v2\/posts\/13636\/revisions"}],"predecessor-version":[{"id":13648,"href":"https:\/\/www.blipvert.es\/en\/wp-json\/wp\/v2\/posts\/13636\/revisions\/13648"}],"wp:featuredmedia":[{"embeddable":true,"href":"https:\/\/www.blipvert.es\/en\/wp-json\/wp\/v2\/media\/13637"}],"wp:attachment":[{"href":"https:\/\/www.blipvert.es\/en\/wp-json\/wp\/v2\/media?parent=13636"}],"wp:term":[{"taxonomy":"category","embeddable":true,"href":"https:\/\/www.blipvert.es\/en\/wp-json\/wp\/v2\/categories?post=13636"},{"taxonomy":"post_tag","embeddable":true,"href":"https:\/\/www.blipvert.es\/en\/wp-json\/wp\/v2\/tags?post=13636"}],"curies":[{"name":"wp","href":"https:\/\/api.w.org\/{rel}","templated":true}]}}