{"id":14801,"date":"2022-09-14T11:25:44","date_gmt":"2022-09-14T09:25:44","guid":{"rendered":"https:\/\/www.blipvert.es\/?p=14801"},"modified":"2022-09-14T11:41:40","modified_gmt":"2022-09-14T09:41:40","slug":"14801","status":"publish","type":"post","link":"https:\/\/www.blipvert.es\/en\/14801\/","title":{"rendered":"NOVA MINIDEIXALLERIA PER A MINIRESIDUS A RENAU (TARRAGONA)"},"content":{"rendered":"<div id=\"titol_pf\">\n<p>Ja funciona a ple\u00a0rendiment la nova minideixalleria de <a href=\"https:\/\/renau.altanet.org\">Renau<\/a>\u00a0(Tarragon\u00e8s). L\u2019Ajuntament ha instal\u00b7lat aquest equipament a la nova vorera \u00a0d&#8217;entrada al municipi, per facilitar la recollida selectiva i reciclatge de petits residus d\u2019 \u00fas dom\u00e8stic.<\/p>\n<\/div>\n<div><img class=\"aligncenter wp-image-14802 \" src=\"https:\/\/www.blipvert.es\/wp-content\/uploads\/20220914_104210.jpg\" alt=\"\" width=\"694\" height=\"321\" srcset=\"https:\/\/www.blipvert.es\/wp-content\/uploads\/20220914_104210.jpg 1446w, https:\/\/www.blipvert.es\/wp-content\/uploads\/20220914_104210-300x139.jpg 300w, https:\/\/www.blipvert.es\/wp-content\/uploads\/20220914_104210-1280x591.jpg 1280w, https:\/\/www.blipvert.es\/wp-content\/uploads\/20220914_104210-150x69.jpg 150w, https:\/\/www.blipvert.es\/wp-content\/uploads\/20220914_104210-768x355.jpg 768w\" sizes=\"(max-width: 694px) 100vw, 694px\" \/><\/div>\n<div>\n<p>Concretament, els residus que es poden reciclar a la minideixalleria de Renau s\u00f3n: cartutxos d\u2019impressora, aparells el\u00e8ctrics i electr\u00f2nics (RAEE) de petit format, piles, acumuladors i bateries de m\u00f2bil, bombetes de tot tipus, i bol\u00edgrafs.<\/p>\n<p><img class=\"aligncenter wp-image-14805 \" src=\"https:\/\/www.blipvert.es\/wp-content\/uploads\/20220914_104111.jpg\" alt=\"\" width=\"695\" height=\"310\" srcset=\"https:\/\/www.blipvert.es\/wp-content\/uploads\/20220914_104111.jpg 985w, https:\/\/www.blipvert.es\/wp-content\/uploads\/20220914_104111-300x134.jpg 300w, https:\/\/www.blipvert.es\/wp-content\/uploads\/20220914_104111-150x67.jpg 150w, https:\/\/www.blipvert.es\/wp-content\/uploads\/20220914_104111-768x342.jpg 768w\" sizes=\"(max-width: 695px) 100vw, 695px\" \/><\/p>\n<p>Aquesta minideixalleria est\u00e0 gestionada per l\u2019empresa vallesana <a href=\"https:\/\/www.blipvert.es\">Blipvert Recologics<\/a>, amb la qual s\u2019ha signat un conveni per dur a terme el servei integral consistent en el manteniment t\u00e8cnic i neteja peri\u00f2dica de la minideixalleria, la impressi\u00f3 i fixaci\u00f3 dels cartells, la recollida dels residus, el seu transport a reciclatge i la elaboraci\u00f3 dels fulls de seguiment de residu de l&#8217;<a href=\"http:\/\/residus.gencat.cat\/ca\/inici\">Ag\u00e8ncia de Residus de Catalunya.<\/a><\/p>\n<p><img class=\"aligncenter wp-image-14808 size-full\" src=\"https:\/\/www.blipvert.es\/wp-content\/uploads\/20220914_104356.jpg\" alt=\"\" width=\"703\" height=\"324\" srcset=\"https:\/\/www.blipvert.es\/wp-content\/uploads\/20220914_104356.jpg 703w, https:\/\/www.blipvert.es\/wp-content\/uploads\/20220914_104356-300x138.jpg 300w, https:\/\/www.blipvert.es\/wp-content\/uploads\/20220914_104356-150x69.jpg 150w\" sizes=\"(max-width: 703px) 100vw, 703px\" \/><\/p>\n<p>El contenidor disposa de dos finestres de vidre dissenyades per la comunicaci\u00f3 municipal, la qual cosa permet l\u2019Ajuntament realitzar campanyes de comunicaci\u00f3 de manera elegant i sostenible. Els cartells instal.lats inicialment a la nova minideixalleria son obra de l&#8217;artista Edu Polo Bosch, i ens consciencien de la natura, fauna, i patrimoni que envolta Renau.<br \/>\nLa <a href=\"https:\/\/www.blipvert.es\/minideixalleria\/\">minideixalleria<\/a> romandr\u00e0 sempre oberta, en servei les 24 hores del dia i els 7 dies de la setmana.<\/p>\n<p><img class=\"aligncenter wp-image-14814 \" src=\"https:\/\/www.blipvert.es\/wp-content\/uploads\/20220914_112228.jpg\" alt=\"\" width=\"705\" height=\"326\" srcset=\"https:\/\/www.blipvert.es\/wp-content\/uploads\/20220914_112228.jpg 1565w, https:\/\/www.blipvert.es\/wp-content\/uploads\/20220914_112228-300x139.jpg 300w, https:\/\/www.blipvert.es\/wp-content\/uploads\/20220914_112228-1280x591.jpg 1280w, https:\/\/www.blipvert.es\/wp-content\/uploads\/20220914_112228-150x69.jpg 150w, https:\/\/www.blipvert.es\/wp-content\/uploads\/20220914_112228-768x355.jpg 768w, https:\/\/www.blipvert.es\/wp-content\/uploads\/20220914_112228-1536x710.jpg 1536w\" sizes=\"(max-width: 705px) 100vw, 705px\" \/><\/p>\n<\/div>\n<p style=\"text-align: center;\">Redueix, reutiliza, i com a \u00faltima opci\u00f3, recicla.<br \/>\nBlipvert Recologics, 2022<\/p>\n<p>&nbsp;<\/p>\n<p>&nbsp;<\/p>\n<p>&nbsp;<\/p>\n","protected":false},"excerpt":{"rendered":"<p>Ja funciona a ple\u00a0rendiment la nova minideixalleria de Renau\u00a0(Tarragon\u00e8s). L\u2019Ajuntament ha instal\u00b7lat aquest equipament a la nova vorera \u00a0d&#8217;entrada al municipi, per facilitar la recollida selectiva i reciclatge de petits residus d\u2019 \u00fas dom\u00e8stic. Concretament, [&hellip;]<\/p>\n","protected":false},"author":3,"featured_media":14802,"comment_status":"closed","ping_status":"closed","sticky":false,"template":"","format":"standard","meta":[],"categories":[31],"tags":[],"_links":{"self":[{"href":"https:\/\/www.blipvert.es\/en\/wp-json\/wp\/v2\/posts\/14801"}],"collection":[{"href":"https:\/\/www.blipvert.es\/en\/wp-json\/wp\/v2\/posts"}],"about":[{"href":"https:\/\/www.blipvert.es\/en\/wp-json\/wp\/v2\/types\/post"}],"author":[{"embeddable":true,"href":"https:\/\/www.blipvert.es\/en\/wp-json\/wp\/v2\/users\/3"}],"replies":[{"embeddable":true,"href":"https:\/\/www.blipvert.es\/en\/wp-json\/wp\/v2\/comments?post=14801"}],"version-history":[{"count":9,"href":"https:\/\/www.blipvert.es\/en\/wp-json\/wp\/v2\/posts\/14801\/revisions"}],"predecessor-version":[{"id":14825,"href":"https:\/\/www.blipvert.es\/en\/wp-json\/wp\/v2\/posts\/14801\/revisions\/14825"}],"wp:featuredmedia":[{"embeddable":true,"href":"https:\/\/www.blipvert.es\/en\/wp-json\/wp\/v2\/media\/14802"}],"wp:attachment":[{"href":"https:\/\/www.blipvert.es\/en\/wp-json\/wp\/v2\/media?parent=14801"}],"wp:term":[{"taxonomy":"category","embeddable":true,"href":"https:\/\/www.blipvert.es\/en\/wp-json\/wp\/v2\/categories?post=14801"},{"taxonomy":"post_tag","embeddable":true,"href":"https:\/\/www.blipvert.es\/en\/wp-json\/wp\/v2\/tags?post=14801"}],"curies":[{"name":"wp","href":"https:\/\/api.w.org\/{rel}","templated":true}]}}