{"id":15301,"date":"2021-10-14T19:03:10","date_gmt":"2021-10-14T17:03:10","guid":{"rendered":"https:\/\/www.blipvert.es\/?p=15301"},"modified":"2022-11-11T19:09:06","modified_gmt":"2022-11-11T17:09:06","slug":"lajuntament-de-llanca-posara-una-nova-minideixalleria-en-una-zona-a-tocar-del-port","status":"publish","type":"post","link":"https:\/\/www.blipvert.es\/en\/lajuntament-de-llanca-posara-una-nova-minideixalleria-en-una-zona-a-tocar-del-port\/","title":{"rendered":"L\u2019AJUNTAMENT DE LLAN\u00c7\u00c0 POSAR\u00c0 UNA NOVA MINIDEIXALLERIA EN UNA ZONA A TOCAR DEL PORT"},"content":{"rendered":"<div class=\"bbnx-grid wrapper\">\n<div class=\"bbnx-grid-cell\">\n<div class=\"headline-article\">\n<p class=\"article-subtitle headline-article__subtitle\">El consistori costaner t\u00e9 intenci\u00f3 de facilitar als ciutadans que ajudin en mat\u00e8ria de reciclatge amb un equipament de proximitat.<\/p>\n<\/div>\n<div class=\"article-entry-author\">\n<article class=\"article-author\">\n<div class=\"signature article-author--margin\"><a class=\"news-author\" href=\"https:\/\/www.emporda.info\/autores\/marc-testart.html\">Marc Testart<\/a><\/div>\n<div><\/div>\n<\/article>\n<\/div>\n<\/div>\n<\/div>\n<div class=\"bbnx-grid wrapper\">\n<div class=\"row\">\n<div class=\"bbnx-grid-cell col-8 col-md-8 col-xs-12\">\n<div class=\"bbnx-module\" style=\"text-align: center;\">\n<article class=\"article-photo article-photo--full\"><picture class=\"image \"><source srcset=\"https:\/\/estaticos-cdn.prensaiberica.es\/clip\/14841414-fef2-4af1-9f12-db4ad0062b47_16-9-aspect-ratio_default_0.jpg\" media=\"(max-width: 767px)\" \/><source srcset=\"https:\/\/estaticos-cdn.prensaiberica.es\/clip\/14841414-fef2-4af1-9f12-db4ad0062b47_16-9-aspect-ratio_75p_0.jpg\" media=\"(max-width: 1201px)\" \/><source srcset=\"https:\/\/estaticos-cdn.prensaiberica.es\/clip\/14841414-fef2-4af1-9f12-db4ad0062b47_16-9-aspect-ratio_default_0.jpg\" media=\"(max-width: 100vw)\" \/><img class=\"aligncenter\" title=\"D\u2019aquesta manera, el poble de Llan\u00e7\u00e0 comptar\u00e0 amb dues deixalleries\" src=\"https:\/\/estaticos-cdn.prensaiberica.es\/clip\/14841414-fef2-4af1-9f12-db4ad0062b47_16-9-aspect-ratio_default_0.jpg\" alt=\"D\u2019aquesta manera, el poble de Llan\u00e7\u00e0 comptar\u00e0 amb dues deixalleries\" width=\"880\" height=\"495\" \/><\/picture><em style=\"text-align: center;\">D\u2019aquesta manera, el poble de Llan\u00e7\u00e0 comptar\u00e0 amb dues deixalleries<\/em><span style=\"text-align: center;\"> EMPORDA.INFO<\/span><\/article>\n<div class=\"article-body \">\n<p class=\"article-body__text article-body__text--entry article-body__text-middle\" style=\"text-align: left;\">L\u2019<a class=\"link copy\" title=\"Ajuntament de Llan\u00e7\u00e0\" href=\"https:\/\/www.emporda.info\/tags\/ajuntament-de-llanca\/\" target=\"_blank\" rel=\"noopener\"><strong>Ajuntament de Llan\u00e7\u00e0 <\/strong><\/a>treballa per instal\u00b7lar una minideixalleria al mig del port, concretament a l\u2019antiga depuradora. \u00abEl nostre objectiu \u00e9s acostar la possibilitat que la gent deixi els residus en un lloc de f\u00e0cil acc\u00e9s\u00bb, manifesta l\u2019alcaldessa del municipi costaner, <strong>N\u00faria Escarpanter<\/strong>. La Junta de Govern Local va aprovar inicialment, el passat mes de setembre, la mem\u00f2ria valorada per a la construcci\u00f3 d\u2019una <strong>minideixalleria<\/strong>, redactada per <strong>Enric Simon Madrenas<\/strong>, com a col\u00b7laborador de <strong>Barrau Enginyers Consultors.<\/strong><\/p>\n<div class=\"article-body--seo-closed\">\n<p class=\"article-body__text \" style=\"text-align: left;\">Escarpanter recorda que, quan va entrar a l\u2019Ajuntament, en el present mandat municipal, com a regidora de Serveis, \u00abtenia la idea de reduir l\u2019incivisme i millorar la neteja vi\u00e0ria\u00bb. Llan\u00e7\u00e0 disposa, actualment, d\u2019una deixalleria, que es troba passada la riera.<\/p>\n<p class=\"article-body__text \" style=\"text-align: left;\">\u00abVolem convidar a la ciutadania perqu\u00e8 ens ajudi en mat\u00e8ria de reciclatge, per\u00f2 aquell \u00e9s un lloc dif\u00edcil d\u2019incidir, ja que, per a la poblaci\u00f3, no resulta ser una ubicaci\u00f3 pr\u00e0ctica\u00bb, remarca l\u2019alcaldessa llan\u00e7anenca.<\/p>\n<aside class=\"new new__related\">\n<header>\n<h2>Llan\u00e7\u00e0 es focalitza en una potent campanya de reciclatge municipal<\/h2>\n<div class=\"new__footer\"><span class=\"new__author\">AIDA VILAR<\/span><\/div>\n<\/header>\n<\/aside>\n<p class=\"article-body__text \" style=\"text-align: left;\">\u00abAmb tot l\u2019entusiasme que estem posant en campanyes de sensibilitzaci\u00f3 i de senyalitzaci\u00f3 vertical, per ajudar-nos a ca\u00e7ar els inc\u00edvics, intentem facilitar al m\u00e0xim que la gent col\u00b7loqui les seves deixalles on ho ha de fer\u00bb, continua dient Escarpanter.<\/p>\n<p class=\"article-body__text \" style=\"text-align: left;\">D\u2019aquesta manera, el poble de Llan\u00e7\u00e0 comptar\u00e0 amb dues deixalleries. Una d\u2019elles, que t\u00e9 el h\u00e0ndicap de la ubicaci\u00f3, i l\u2019altra, que estar\u00e0 situada al mig de la zona port. \u00abJa no hi haur\u00e0 excuses\u00bb, afirma l\u2019alcaldessa, la qual, fa uns mesos, va prohibir deixar qualsevol mena de deixalla al costat dels contenidors per evitar la mala imatge que donava.<\/p>\n<p class=\"article-body__text \" style=\"text-align: left;\">Aquesta \u00e9s una de les intencions que t\u00e9 el govern de Junts i el PSC de Llan\u00e7\u00e0 per aquesta segona meitat del mandat municipal. A part, aquest dissabte comen\u00e7a el per\u00edode de crema, que durar\u00e0 fins al 14 de mar\u00e7 de 2022. Per encendre foc i per utilitzar bufadors, l\u2019Ajuntament demana tenir en compte mesures preventives.<\/p>\n<\/div>\n<\/div>\n<\/div>\n<\/div>\n<\/div>\n<\/div>\n<p style=\"text-align: left;\">\n<p style=\"text-align: center;\"><a href=\"https:\/\/www.emporda.info\/comarca\/2021\/10\/14\/l-ajuntament-llanca-posara-minideixalleria-58261631.html\">Enlla\u00e7 a la not\u00edcia original a emporda.info<\/a><\/p>\n","protected":false},"excerpt":{"rendered":"<p>El consistori costaner t\u00e9 intenci\u00f3 de facilitar als ciutadans que ajudin en mat\u00e8ria de reciclatge amb un equipament de proximitat. Marc Testart D\u2019aquesta manera, el poble de Llan\u00e7\u00e0 comptar\u00e0 amb dues deixalleries EMPORDA.INFO L\u2019Ajuntament de [&hellip;]<\/p>\n","protected":false},"author":3,"featured_media":15303,"comment_status":"closed","ping_status":"closed","sticky":false,"template":"","format":"standard","meta":[],"categories":[31],"tags":[],"_links":{"self":[{"href":"https:\/\/www.blipvert.es\/en\/wp-json\/wp\/v2\/posts\/15301"}],"collection":[{"href":"https:\/\/www.blipvert.es\/en\/wp-json\/wp\/v2\/posts"}],"about":[{"href":"https:\/\/www.blipvert.es\/en\/wp-json\/wp\/v2\/types\/post"}],"author":[{"embeddable":true,"href":"https:\/\/www.blipvert.es\/en\/wp-json\/wp\/v2\/users\/3"}],"replies":[{"embeddable":true,"href":"https:\/\/www.blipvert.es\/en\/wp-json\/wp\/v2\/comments?post=15301"}],"version-history":[{"count":2,"href":"https:\/\/www.blipvert.es\/en\/wp-json\/wp\/v2\/posts\/15301\/revisions"}],"predecessor-version":[{"id":15306,"href":"https:\/\/www.blipvert.es\/en\/wp-json\/wp\/v2\/posts\/15301\/revisions\/15306"}],"wp:featuredmedia":[{"embeddable":true,"href":"https:\/\/www.blipvert.es\/en\/wp-json\/wp\/v2\/media\/15303"}],"wp:attachment":[{"href":"https:\/\/www.blipvert.es\/en\/wp-json\/wp\/v2\/media?parent=15301"}],"wp:term":[{"taxonomy":"category","embeddable":true,"href":"https:\/\/www.blipvert.es\/en\/wp-json\/wp\/v2\/categories?post=15301"},{"taxonomy":"post_tag","embeddable":true,"href":"https:\/\/www.blipvert.es\/en\/wp-json\/wp\/v2\/tags?post=15301"}],"curies":[{"name":"wp","href":"https:\/\/api.w.org\/{rel}","templated":true}]}}