{"id":15484,"date":"2022-11-30T13:47:56","date_gmt":"2022-11-30T11:47:56","guid":{"rendered":"https:\/\/www.blipvert.es\/?p=15484"},"modified":"2022-11-30T14:06:48","modified_gmt":"2022-11-30T12:06:48","slug":"aquest-nadal-mes-que-mai-la-magia-la-poses-tu-amb-fvf","status":"publish","type":"post","link":"https:\/\/www.blipvert.es\/en\/aquest-nadal-mes-que-mai-la-magia-la-poses-tu-amb-fvf\/","title":{"rendered":"AQUEST NADAL, M\u00c9S QUE MAI, LA M\u00c0GIA LA POSES TU AMB LA FUNDACI\u00d3N VICENTE FERRER"},"content":{"rendered":"<p>Com cada any, les <a href=\"https:\/\/www.blipvert.es\/minideixalleria\/\">minideixalleries de Catalunya<\/a> s\u00f3n solid\u00e0ries amb la Fundaci\u00f3n Vicente Ferrer durant els mesos de desembre i gener&#8230; ahir v\u00e0rem fixar els primers cartells!<\/p>\n<p>Enguany, les minideixalleries de les localitats de Arb\u00facies, Arenys de Mar i de Munt, Barber\u00e0 del Vall\u00e8s, Berga, Caldes d&#8217;Estrac, Calella, Canovelles, Cardedeu, Castellar del Vall\u00e8s, Castell\u00f3 d&#8217;Emp\u00faries, Cerdanyola del Vall\u00e8s, Esplugues de Llobregat, Figueres, Gav\u00e0, Granollers, L&#8217;Ametlla del Vall\u00e8s, La Garriga, La Jonquera, La Llagosta, Les Franqueses, Lli\u00e7\u00e0 de Vall, Martorell, Martorelles, Matadepera, Mollet del Vall\u00e8s, Montmel\u00f3, Palau-Solit\u00e0 i Plegamans, Parets del Vall\u00e8s, Pineda de Mar, Puigcerd\u00e0, Ripollet, Sant Fost de Campsentelles, Sant Fruit\u00f3s de Bages, Santa Eug\u00e8nia de Berga, Santa Coloma de Farners, Santa Perp\u00e8tua de la Mogoda, Santa Susanna, Sant Celoni, Sant Joan de Vilatorrada, S\u00faria, Vilassar de Mar i de Dalt, i Vic, entre d&#8217;altres, et recorden que&#8230;<\/p>\n<p style=\"text-align: center;\"><strong>AQUEST NADAL, M\u00c9S QUE MAI, LA M\u00c0GIA LA POSES TU.\u00a0<\/strong><\/p>\n<p><img class=\"aligncenter wp-image-15485 \" src=\"https:\/\/www.blipvert.es\/wp-content\/uploads\/ARBUCIES-IMG20221121085259.jpg\" alt=\"\" width=\"821\" height=\"370\" srcset=\"https:\/\/www.blipvert.es\/wp-content\/uploads\/ARBUCIES-IMG20221121085259.jpg 1142w, https:\/\/www.blipvert.es\/wp-content\/uploads\/ARBUCIES-IMG20221121085259-300x135.jpg 300w, https:\/\/www.blipvert.es\/wp-content\/uploads\/ARBUCIES-IMG20221121085259-150x68.jpg 150w, https:\/\/www.blipvert.es\/wp-content\/uploads\/ARBUCIES-IMG20221121085259-768x346.jpg 768w\" sizes=\"(max-width: 821px) 100vw, 821px\" \/><\/p>\n<p><img class=\"aligncenter wp-image-15500 size-full\" src=\"https:\/\/www.blipvert.es\/wp-content\/uploads\/SURIA-IMG20221122094004.jpg\" alt=\"\" width=\"822\" height=\"370\" srcset=\"https:\/\/www.blipvert.es\/wp-content\/uploads\/SURIA-IMG20221122094004.jpg 822w, https:\/\/www.blipvert.es\/wp-content\/uploads\/SURIA-IMG20221122094004-300x135.jpg 300w, https:\/\/www.blipvert.es\/wp-content\/uploads\/SURIA-IMG20221122094004-150x68.jpg 150w, https:\/\/www.blipvert.es\/wp-content\/uploads\/SURIA-IMG20221122094004-768x346.jpg 768w\" sizes=\"(max-width: 822px) 100vw, 822px\" \/><\/p>\n<p><img class=\"aligncenter wp-image-15503 \" src=\"https:\/\/www.blipvert.es\/wp-content\/uploads\/St-FRUITOS-IMG20221123104343-1.jpg\" alt=\"\" width=\"823\" height=\"371\" srcset=\"https:\/\/www.blipvert.es\/wp-content\/uploads\/St-FRUITOS-IMG20221123104343-1.jpg 1142w, https:\/\/www.blipvert.es\/wp-content\/uploads\/St-FRUITOS-IMG20221123104343-1-300x135.jpg 300w, https:\/\/www.blipvert.es\/wp-content\/uploads\/St-FRUITOS-IMG20221123104343-1-150x68.jpg 150w, https:\/\/www.blipvert.es\/wp-content\/uploads\/St-FRUITOS-IMG20221123104343-1-768x346.jpg 768w\" sizes=\"(max-width: 823px) 100vw, 823px\" \/><\/p>\n<p><img class=\"aligncenter wp-image-15488 \" src=\"https:\/\/www.blipvert.es\/wp-content\/uploads\/St-FRUITOS-IMG20221123102328.jpg\" alt=\"\" width=\"823\" height=\"371\" srcset=\"https:\/\/www.blipvert.es\/wp-content\/uploads\/St-FRUITOS-IMG20221123102328.jpg 1142w, https:\/\/www.blipvert.es\/wp-content\/uploads\/St-FRUITOS-IMG20221123102328-300x135.jpg 300w, https:\/\/www.blipvert.es\/wp-content\/uploads\/St-FRUITOS-IMG20221123102328-150x68.jpg 150w, https:\/\/www.blipvert.es\/wp-content\/uploads\/St-FRUITOS-IMG20221123102328-768x346.jpg 768w\" sizes=\"(max-width: 823px) 100vw, 823px\" \/><\/p>\n<p><img class=\"aligncenter wp-image-15494 size-full\" src=\"https:\/\/www.blipvert.es\/wp-content\/uploads\/St-JOAN-de-Vilatorrada-IMG20221122090035.jpg\" alt=\"\" width=\"822\" height=\"370\" srcset=\"https:\/\/www.blipvert.es\/wp-content\/uploads\/St-JOAN-de-Vilatorrada-IMG20221122090035.jpg 822w, https:\/\/www.blipvert.es\/wp-content\/uploads\/St-JOAN-de-Vilatorrada-IMG20221122090035-300x135.jpg 300w, https:\/\/www.blipvert.es\/wp-content\/uploads\/St-JOAN-de-Vilatorrada-IMG20221122090035-150x68.jpg 150w, https:\/\/www.blipvert.es\/wp-content\/uploads\/St-JOAN-de-Vilatorrada-IMG20221122090035-768x346.jpg 768w\" sizes=\"(max-width: 822px) 100vw, 822px\" \/><\/p>\n<p><img class=\"aligncenter wp-image-15497 size-full\" src=\"https:\/\/www.blipvert.es\/wp-content\/uploads\/Sta-EUGENIA-de-B-IMG20221121120542.jpg\" alt=\"\" width=\"822\" height=\"370\" srcset=\"https:\/\/www.blipvert.es\/wp-content\/uploads\/Sta-EUGENIA-de-B-IMG20221121120542.jpg 822w, https:\/\/www.blipvert.es\/wp-content\/uploads\/Sta-EUGENIA-de-B-IMG20221121120542-300x135.jpg 300w, https:\/\/www.blipvert.es\/wp-content\/uploads\/Sta-EUGENIA-de-B-IMG20221121120542-150x68.jpg 150w, https:\/\/www.blipvert.es\/wp-content\/uploads\/Sta-EUGENIA-de-B-IMG20221121120542-768x346.jpg 768w\" sizes=\"(max-width: 822px) 100vw, 822px\" \/><\/p>\n<p style=\"text-align: center;\">PERQU\u00c8 LA TEVA IL.LUSI\u00d3 POT FER REALITAT PROJECTES FASCINANTS,<br \/>\n<strong>UNEIX-TE A LA FUNDACI\u00d3N VICENTE FERRER.<\/strong><\/p>\n<h1 style=\"text-align: center;\"><strong>900 111 300<br \/>\n<\/strong><a href=\"http:\/\/www.fundacionvicenteferrer.org\/\">www.fundacionvicenteferrer.org<\/a><\/h1>\n<p style=\"text-align: center;\">Redueix, reutilitza, i com a \u00faltima opci\u00f3, recicla.<br \/>\n<a href=\"https:\/\/www.blipvert.es\">www.blipvert.es<\/a><\/p>\n","protected":false},"excerpt":{"rendered":"<p>Com cada any, les minideixalleries de Catalunya s\u00f3n solid\u00e0ries amb la Fundaci\u00f3n Vicente Ferrer durant els mesos de desembre i gener&#8230; ahir v\u00e0rem fixar els primers cartells! Enguany, les minideixalleries de les localitats de Arb\u00facies, [&hellip;]<\/p>\n","protected":false},"author":3,"featured_media":15509,"comment_status":"closed","ping_status":"closed","sticky":false,"template":"","format":"standard","meta":[],"categories":[31],"tags":[],"_links":{"self":[{"href":"https:\/\/www.blipvert.es\/en\/wp-json\/wp\/v2\/posts\/15484"}],"collection":[{"href":"https:\/\/www.blipvert.es\/en\/wp-json\/wp\/v2\/posts"}],"about":[{"href":"https:\/\/www.blipvert.es\/en\/wp-json\/wp\/v2\/types\/post"}],"author":[{"embeddable":true,"href":"https:\/\/www.blipvert.es\/en\/wp-json\/wp\/v2\/users\/3"}],"replies":[{"embeddable":true,"href":"https:\/\/www.blipvert.es\/en\/wp-json\/wp\/v2\/comments?post=15484"}],"version-history":[{"count":10,"href":"https:\/\/www.blipvert.es\/en\/wp-json\/wp\/v2\/posts\/15484\/revisions"}],"predecessor-version":[{"id":15521,"href":"https:\/\/www.blipvert.es\/en\/wp-json\/wp\/v2\/posts\/15484\/revisions\/15521"}],"wp:featuredmedia":[{"embeddable":true,"href":"https:\/\/www.blipvert.es\/en\/wp-json\/wp\/v2\/media\/15509"}],"wp:attachment":[{"href":"https:\/\/www.blipvert.es\/en\/wp-json\/wp\/v2\/media?parent=15484"}],"wp:term":[{"taxonomy":"category","embeddable":true,"href":"https:\/\/www.blipvert.es\/en\/wp-json\/wp\/v2\/categories?post=15484"},{"taxonomy":"post_tag","embeddable":true,"href":"https:\/\/www.blipvert.es\/en\/wp-json\/wp\/v2\/tags?post=15484"}],"curies":[{"name":"wp","href":"https:\/\/api.w.org\/{rel}","templated":true}]}}