{"id":1602,"date":"2015-12-24T18:45:35","date_gmt":"2015-12-24T16:45:35","guid":{"rendered":"https:\/\/www.blipvert.es\/?p=1602"},"modified":"2020-01-23T18:20:24","modified_gmt":"2020-01-23T16:20:24","slug":"lajuntament-de-martorell-barcelona-reforca-lus-de-les-minideixalleries-i-la-recollida-selectiva-de-residus","status":"publish","type":"post","link":"https:\/\/www.blipvert.es\/en\/lajuntament-de-martorell-barcelona-reforca-lus-de-les-minideixalleries-i-la-recollida-selectiva-de-residus\/","title":{"rendered":"L&#8217;Ajuntament de Martorell (Barcelona) refor\u00e7a l&#8217;\u00fas de les minideixalleries i la recollida de residus"},"content":{"rendered":"<p><img class=\"size-medium wp-image-1605 aligncenter\" src=\"https:\/\/www.blipvert.es\/wp-content\/uploads\/phpThumb_generated_thumbnail-4-4-300x225.jpg\" alt=\"\" width=\"300\" height=\"225\" srcset=\"https:\/\/www.blipvert.es\/wp-content\/uploads\/phpThumb_generated_thumbnail-4-4-300x225.jpg 300w, https:\/\/www.blipvert.es\/wp-content\/uploads\/phpThumb_generated_thumbnail-4-4-150x112.jpg 150w, https:\/\/www.blipvert.es\/wp-content\/uploads\/phpThumb_generated_thumbnail-4-4.jpg 550w\" sizes=\"(max-width: 300px) 100vw, 300px\" \/><\/p>\n<p style=\"text-align: center;\">Minideixalleria a\u00a0P\u00e0rking El Vapor &#8211; Zona Centre &#8211; La Vila. Una de les 13 minideixalleries en funcionament a Martorell.<\/p>\n<p>L&#8217;Ajuntament de Martorell, a trav\u00e9s de la regidoria de Medi Ambient, iniciar\u00e0 a principis de l&#8217;any vinent una campanya de difusi\u00f3 de l&#8217;\u00fas de la deixalleria fixa i m\u00f2bil. Inclou el nou calendari de la deixalleria m\u00f2bil i un pl\u00e0nol per con\u00e8ixer els punts\u00a0 de recollida de residus municipals.<\/p>\n<p>Conscienciats amb el Medi Ambient, l\u2019Ajuntament refor\u00e7ar\u00e0 la campanya de sensibilitzaci\u00f3 amb els residus amb un fullet\u00f3 informatiu donant a con\u00e8ixer el nou calendari de la deixalleria m\u00f2bil.<\/p>\n<p>El primer tinent d\u2019alcalde i regidor de Medi Ambient de l\u2019Ajuntament, Adolf Bargu\u00e9s, assegura que &#8220;se\u2019ns presenta com un gran repte de consolidar el projecte de la deixalleria m\u00f2bil no nom\u00e9s per la seva dimensi\u00f3 social sin\u00f3 des d\u2019una vessant pr\u00e0ctica com \u00e9s facilitar als ciutadans un punt de recollir d\u2019escombraries al costat de casa seva&#8221;.<\/p>\n<p>La deixalleria m\u00f2bil \u00e9s un servei que s\u2019ofereix des de l\u2019Ajuntament a trav\u00e9s dels treballadors del Centre Especial de Treball (CET) Can Cases. La primera setmana de gener, del 4 al 8, estar\u00e0 ubicada a la pla\u00e7a de Pere Teixin\u00e9, al barri de Torrent de Llops.<\/p>\n<p><strong>Punts de recollida de residus<\/strong><\/p>\n<p>Una de les novetats d\u2019aquesta campanya \u00e9s un pl\u00e0nol on s\u2019indiquen els punts de recollida de residus municipals i altres contenidors on no s\u2019han de llen\u00e7ar dins de cap de les cinc fraccions destinats als soterrats.<\/p>\n<p>Entre aquests punts destaquen 8 parades de deixalleria m\u00f2bil, <strong>13 minideixalleries<\/strong>, 10 panells publicitaris amb contenidor nom\u00e9s per a piles i bateries, 12 contenidors per a material t\u00e8xtil (roba de vestir, llen\u00e7ols\u2026) i 27 contenidors per a oli de cuina usat (dins d\u2019ampolles de pl\u00e0stic ben tancades).<\/p>\n<p>Bargu\u00e9s apunta que \u201cla percepci\u00f3 dels ciutadans \u00e9s bona i la consci\u00e8ncia ja la tenim guanyada\u201d. Des de l\u2019any passat, Martorell compta amb un punt de recollida d\u2019oli usat.\u00a0 \u201cTot ha tingut el seu proc\u00e9s d\u2019acceptaci\u00f3. Abans l\u2019oli usat de cuina es llen\u00e7ava per l\u2019aig\u00fcera i ara ho fem en els punts de recollida. Quan hi va haver la iniciaci\u00f3 de la recollida del vidre semblava que ning\u00fa l\u2019havia de seguir i est\u00e0 molt consolidada\u201d.<\/p>\n<p>En la campanya d\u2019informaci\u00f3 s\u2019inclouen, tamb\u00e9, la localitzaci\u00f3 de les 8 farm\u00e0cies de Martorell que disposen de punts sigre per recollir medicaments.<\/p>\n<p>Font: Ajuntament de Martorell<\/p>\n<p><a href=\"http:\/\/www.martorell.cat\/pag579\/pl217\/actualitat-noticies\/id4944\/deixalleria-mobil.htm\" target=\"_blank\" rel=\"noopener\">http:\/\/www.martorell.cat\/pag579\/pl217\/actualitat-noticies\/id4944\/deixalleria-mobil.htm<\/a><\/p>\n","protected":false},"excerpt":{"rendered":"<p>Minideixalleria a\u00a0P\u00e0rking El Vapor &#8211; Zona Centre &#8211; La Vila. Una de les 13 minideixalleries en funcionament a Martorell. L&#8217;Ajuntament de Martorell, a trav\u00e9s de la regidoria de Medi Ambient, iniciar\u00e0 a principis de l&#8217;any [&hellip;]<\/p>\n","protected":false},"author":3,"featured_media":1612,"comment_status":"closed","ping_status":"closed","sticky":false,"template":"","format":"standard","meta":[],"categories":[31],"tags":[],"_links":{"self":[{"href":"https:\/\/www.blipvert.es\/en\/wp-json\/wp\/v2\/posts\/1602"}],"collection":[{"href":"https:\/\/www.blipvert.es\/en\/wp-json\/wp\/v2\/posts"}],"about":[{"href":"https:\/\/www.blipvert.es\/en\/wp-json\/wp\/v2\/types\/post"}],"author":[{"embeddable":true,"href":"https:\/\/www.blipvert.es\/en\/wp-json\/wp\/v2\/users\/3"}],"replies":[{"embeddable":true,"href":"https:\/\/www.blipvert.es\/en\/wp-json\/wp\/v2\/comments?post=1602"}],"version-history":[{"count":5,"href":"https:\/\/www.blipvert.es\/en\/wp-json\/wp\/v2\/posts\/1602\/revisions"}],"predecessor-version":[{"id":1662,"href":"https:\/\/www.blipvert.es\/en\/wp-json\/wp\/v2\/posts\/1602\/revisions\/1662"}],"wp:featuredmedia":[{"embeddable":true,"href":"https:\/\/www.blipvert.es\/en\/wp-json\/wp\/v2\/media\/1612"}],"wp:attachment":[{"href":"https:\/\/www.blipvert.es\/en\/wp-json\/wp\/v2\/media?parent=1602"}],"wp:term":[{"taxonomy":"category","embeddable":true,"href":"https:\/\/www.blipvert.es\/en\/wp-json\/wp\/v2\/categories?post=1602"},{"taxonomy":"post_tag","embeddable":true,"href":"https:\/\/www.blipvert.es\/en\/wp-json\/wp\/v2\/tags?post=1602"}],"curies":[{"name":"wp","href":"https:\/\/api.w.org\/{rel}","templated":true}]}}