{"id":17100,"date":"2023-05-25T13:06:06","date_gmt":"2023-05-25T11:06:06","guid":{"rendered":"https:\/\/www.blipvert.es\/?p=17100"},"modified":"2023-05-25T13:10:18","modified_gmt":"2023-05-25T11:10:18","slug":"una-exposicio-a-les-minideixalleries-parla-sobre-la-generacio-i-la-correcta-separacio-dels-residus","status":"publish","type":"post","link":"https:\/\/www.blipvert.es\/en\/una-exposicio-a-les-minideixalleries-parla-sobre-la-generacio-i-la-correcta-separacio-dels-residus\/","title":{"rendered":"NOVA EXPOSICI\u00d3 A LES MINIDEIXALLERIES DE MONTCADA I REIXAC"},"content":{"rendered":"<p>La exposici\u00f3 a les minideixalleries parla sobre la generaci\u00f3 i la correcta separaci\u00f3 dels residus.\u00a0La mostra \u00e9s una adaptaci\u00f3 dels plafons informatius que acompanyen l\u2019EcoTruck en les seves visites pel municipi.<\/p>\n<p>Les vuit minideixalleries del municipi acullen l\u2019exposici\u00f3 itinerant \u2018Residus\u2019, una adaptaci\u00f3 del recull informatiu que acompanya l\u2019EcoTruck \u2013la unitat m\u00f2bil d\u2019educaci\u00f3 ambiental de l\u2019Ajuntament\u2013 durant les seves visites per la ciutat. La mostra est\u00e0 elaborada com un relat i el punt de partida \u00e9s la minideixalleria de la pla\u00e7a Llu\u00eds Companys, que incorpora un plaf\u00f3 amb el recorregut idoni per seguir l\u2019exposici\u00f3: pla\u00e7a Llu\u00eds Companys, passeig Rocamora\/carrer Guadiana, cam\u00ed de la Font Freda\/Rambla dels Pa\u00efsos Catalans, carrer Baix de Sant Pere\/carrer Puigcerd\u00e0, passeig Sant Jordi\/carrer Verdi, avinguda Terra Nostra\/carrer Alzina, carrer Reixag\u00f3\/carrer Mol\u00ed i carrer Circumval\u00b7laci\u00f3\/carrer Pet\u00fanies.<\/p>\n<p><img class=\"aligncenter wp-image-17101 size-full\" src=\"https:\/\/www.blipvert.es\/wp-content\/uploads\/Una-exposicio-a-les-minideixalleries-parla-sobre-la-generacio-i.jpg\" alt=\"\" width=\"1000\" height=\"641\" srcset=\"https:\/\/www.blipvert.es\/wp-content\/uploads\/Una-exposicio-a-les-minideixalleries-parla-sobre-la-generacio-i.jpg 1000w, https:\/\/www.blipvert.es\/wp-content\/uploads\/Una-exposicio-a-les-minideixalleries-parla-sobre-la-generacio-i-300x192.jpg 300w, https:\/\/www.blipvert.es\/wp-content\/uploads\/Una-exposicio-a-les-minideixalleries-parla-sobre-la-generacio-i-150x96.jpg 150w, https:\/\/www.blipvert.es\/wp-content\/uploads\/Una-exposicio-a-les-minideixalleries-parla-sobre-la-generacio-i-768x492.jpg 768w\" sizes=\"(max-width: 1000px) 100vw, 1000px\" \/><\/p>\n<p>La mostra reflexiona sobre el paper de la ciutadania en la generaci\u00f3 de residus en comparaci\u00f3 amb la resta de la natura, mostra com \u00e9s possible aprofitar al m\u00e0xim els residus, els tipus de deixalles que existeixen, els sistemes de recollida, explica com fer una recollida selectiva efectiva i q\u00fcestions com ara el comer\u00e7 de proximitat o l\u2019economia circular, entre d\u2019altres.<\/p>\n<p>L\u2019exposici\u00f3 sobre residus \u00e9s una producci\u00f3 de l\u2019Ajuntament de Montcada i Reixac, amb textos elaborats per l\u2019associaci\u00f3 Ripollet Natura \u2013encarregada de la gesti\u00f3 de les visites de l\u2019EcoTruck\u2013 i il\u00b7lustrada pel dibuixant Javigaar.<\/p>\n<p style=\"text-align: center;\"><a href=\"https:\/\/www.montcada.cat\/actualitat\/noticies\/una-exposicio-a-les-minideixalleries-parla-sobre-la-generacio-i-la-correcta-separacio-dels-residus.html\">Llegir la not\u00edcia original al web de l&#8217;Ajuntament de Montcada i Reixac<\/a><\/p>\n","protected":false},"excerpt":{"rendered":"<p>La exposici\u00f3 a les minideixalleries parla sobre la generaci\u00f3 i la correcta separaci\u00f3 dels residus.\u00a0La mostra \u00e9s una adaptaci\u00f3 dels plafons informatius que acompanyen l\u2019EcoTruck en les seves visites pel municipi. Les vuit minideixalleries del [&hellip;]<\/p>\n","protected":false},"author":3,"featured_media":17101,"comment_status":"closed","ping_status":"closed","sticky":false,"template":"","format":"standard","meta":[],"categories":[31],"tags":[],"_links":{"self":[{"href":"https:\/\/www.blipvert.es\/en\/wp-json\/wp\/v2\/posts\/17100"}],"collection":[{"href":"https:\/\/www.blipvert.es\/en\/wp-json\/wp\/v2\/posts"}],"about":[{"href":"https:\/\/www.blipvert.es\/en\/wp-json\/wp\/v2\/types\/post"}],"author":[{"embeddable":true,"href":"https:\/\/www.blipvert.es\/en\/wp-json\/wp\/v2\/users\/3"}],"replies":[{"embeddable":true,"href":"https:\/\/www.blipvert.es\/en\/wp-json\/wp\/v2\/comments?post=17100"}],"version-history":[{"count":6,"href":"https:\/\/www.blipvert.es\/en\/wp-json\/wp\/v2\/posts\/17100\/revisions"}],"predecessor-version":[{"id":17109,"href":"https:\/\/www.blipvert.es\/en\/wp-json\/wp\/v2\/posts\/17100\/revisions\/17109"}],"wp:featuredmedia":[{"embeddable":true,"href":"https:\/\/www.blipvert.es\/en\/wp-json\/wp\/v2\/media\/17101"}],"wp:attachment":[{"href":"https:\/\/www.blipvert.es\/en\/wp-json\/wp\/v2\/media?parent=17100"}],"wp:term":[{"taxonomy":"category","embeddable":true,"href":"https:\/\/www.blipvert.es\/en\/wp-json\/wp\/v2\/categories?post=17100"},{"taxonomy":"post_tag","embeddable":true,"href":"https:\/\/www.blipvert.es\/en\/wp-json\/wp\/v2\/tags?post=17100"}],"curies":[{"name":"wp","href":"https:\/\/api.w.org\/{rel}","templated":true}]}}