{"id":18770,"date":"2024-05-02T13:51:17","date_gmt":"2024-05-02T11:51:17","guid":{"rendered":"https:\/\/www.blipvert.es\/?p=18770"},"modified":"2024-05-02T17:16:26","modified_gmt":"2024-05-02T15:16:26","slug":"ares-estrena-tres-minipuntos-limpios-fijos","status":"publish","type":"post","link":"https:\/\/www.blipvert.es\/en\/ares-estrena-tres-minipuntos-limpios-fijos\/","title":{"rendered":"ARES ESTRENA TRES MINIPUNTOS LIMPIOS FIJOS"},"content":{"rendered":"<div class=\"entry-header\">\n<p class=\"jeg_post_subtitle\">Se encuentran desde esta semana en la Praza da Igrexa, la Praza da Porta do Sol y la R\u00faa da Franxa.<\/p>\n<div class=\"jeg_meta_container\">\n<div class=\"jeg_post_meta jeg_post_meta_2\">\n<div class=\"meta_left\"><\/div>\n<div class=\"meta_right\"><img class=\"aligncenter wp-image-18771 size-full\" src=\"https:\/\/www.blipvert.es\/wp-content\/uploads\/Ares-minipuntos-limpios.jpg\" alt=\"\" width=\"1920\" height=\"1280\" srcset=\"https:\/\/www.blipvert.es\/wp-content\/uploads\/Ares-minipuntos-limpios.jpg 1920w, https:\/\/www.blipvert.es\/wp-content\/uploads\/Ares-minipuntos-limpios-300x200.jpg 300w, https:\/\/www.blipvert.es\/wp-content\/uploads\/Ares-minipuntos-limpios-1280x853.jpg 1280w, https:\/\/www.blipvert.es\/wp-content\/uploads\/Ares-minipuntos-limpios-150x100.jpg 150w, https:\/\/www.blipvert.es\/wp-content\/uploads\/Ares-minipuntos-limpios-768x512.jpg 768w, https:\/\/www.blipvert.es\/wp-content\/uploads\/Ares-minipuntos-limpios-1536x1024.jpg 1536w\" sizes=\"(max-width: 1920px) 100vw, 1920px\" \/><\/div>\n<\/div>\n<\/div>\n<\/div>\n<div class=\"row\">\n<div class=\"jeg_main_content col-md-8\">\n<div class=\"jeg_inner_content\">\n<div class=\"jeg_share_top_container\"><\/div>\n<div class=\"jeg_ad jeg_article jnews_content_top_ads \">\n<div class=\"ads-wrapper \">\n<p>Ares ya cuenta desde el inicio de esta semana con nuevos elementos para reforzar el proceso de reciclaje y tratamiento de residuos en su entorno municipal: la Conceller\u00eda de Medio Ambiente ha instalado tres minipuntos limpios fijos en la Praza da Igrexa, la Praza da Porta do Sol y la R\u00faa da Franxa, un mobiliario que permite depositar <strong>material escolar, pilas y bater\u00edas, cartuchos de impresora, c\u00e1psulas de caf\u00e9 y pl\u00e1stico o peque\u00f1os dispositivos electr\u00f3nicos como mandos o cargadores.<\/strong><\/p>\n<p>&nbsp;<\/p>\n<\/div>\n<\/div>\n<div class=\"entry-content with-share\">\n<div class=\"content-inner \">\n<p>La concelleira de Medio Ambiente, Luc\u00eda Blanco, supervis\u00f3 el estado de los tres minipuntos y destac\u00f3 que su instalaci\u00f3n supone \u201caumentar la infraestructura medioambiental que estamos incorporando paulatinamente en el municipio desde el Concello. Ya disponemos de estos puntos fijos, pero tambi\u00e9n del <strong>punto limpio m\u00f3vil que recorre cada semana la localidad y una red de 70 compostadores, a punto de ser ampliada a\u00fan m\u00e1s\u201d.<\/strong><\/p>\n<p>Todo este equipamiento p\u00fablico mejora el tratamiento y aprovechamiento de los residuos generados por los vecinos en su d\u00eda a d\u00eda, siempre promoviendo la corresponsabilidad de tal manera que tanto instituciones como ciudadan\u00eda puedan jugar un papel clave en la b\u00fasqueda de la sostenibilidad y la mitigaci\u00f3n del cambio clim\u00e1tico.<\/p>\n<h3><strong>Nuevo convenio con Sogama<\/strong><\/h3>\n<p>&nbsp;<\/p>\n<p>Al mismo tiempo que se completaba la instalaci\u00f3n de los minipuntos, la Conceller\u00eda de Medio Ambiente tambi\u00e9n inform\u00f3 otro nuevo convenio vinculado directamente con el reciclaje en Ares. \u201cFormalizamos un segundo convenio con Sogama que nos permitir\u00e1 realizar otra ronda de entrega de compostadores entre la vecindad, teniendo en cuenta que ya hay una lista de espera de vecinos interesados en ellos\u201d.<\/p>\n<p>De esta manera, <strong>el Concello proporcionar\u00e1 25 nuevos compostadores para instalar en los hogares familiares, elevando el n\u00famero de los 70 actuales a 9,<\/strong>pr\u00e1cticamente un centenar de puntos para la autogesti\u00f3n de la materia org\u00e1nica en viviendas dom\u00e9sticas.<\/p>\n<p style=\"text-align: center;\"><a href=\"https:\/\/enfoques.gal\/ferrolterra\/ares\/ares-estrena-tres-minipuntos-limpios-fijos\/\">Leer el art\u00edculo original en enfoques.gal<\/a><\/p>\n<p style=\"text-align: center;\">Reduce, reutiliza, y como \u00faltima opci\u00f3n, recicla.<br \/>\nBlipvert Recologics, 2024<\/p>\n<\/div>\n<\/div>\n<\/div>\n<\/div>\n<\/div>\n","protected":false},"excerpt":{"rendered":"<p>Se encuentran desde esta semana en la Praza da Igrexa, la Praza da Porta do Sol y la R\u00faa da Franxa. Ares ya cuenta desde el inicio de esta semana con nuevos elementos para reforzar [&hellip;]<\/p>\n","protected":false},"author":3,"featured_media":18771,"comment_status":"closed","ping_status":"closed","sticky":false,"template":"","format":"standard","meta":[],"categories":[61],"tags":[],"_links":{"self":[{"href":"https:\/\/www.blipvert.es\/en\/wp-json\/wp\/v2\/posts\/18770"}],"collection":[{"href":"https:\/\/www.blipvert.es\/en\/wp-json\/wp\/v2\/posts"}],"about":[{"href":"https:\/\/www.blipvert.es\/en\/wp-json\/wp\/v2\/types\/post"}],"author":[{"embeddable":true,"href":"https:\/\/www.blipvert.es\/en\/wp-json\/wp\/v2\/users\/3"}],"replies":[{"embeddable":true,"href":"https:\/\/www.blipvert.es\/en\/wp-json\/wp\/v2\/comments?post=18770"}],"version-history":[{"count":6,"href":"https:\/\/www.blipvert.es\/en\/wp-json\/wp\/v2\/posts\/18770\/revisions"}],"predecessor-version":[{"id":18779,"href":"https:\/\/www.blipvert.es\/en\/wp-json\/wp\/v2\/posts\/18770\/revisions\/18779"}],"wp:featuredmedia":[{"embeddable":true,"href":"https:\/\/www.blipvert.es\/en\/wp-json\/wp\/v2\/media\/18771"}],"wp:attachment":[{"href":"https:\/\/www.blipvert.es\/en\/wp-json\/wp\/v2\/media?parent=18770"}],"wp:term":[{"taxonomy":"category","embeddable":true,"href":"https:\/\/www.blipvert.es\/en\/wp-json\/wp\/v2\/categories?post=18770"},{"taxonomy":"post_tag","embeddable":true,"href":"https:\/\/www.blipvert.es\/en\/wp-json\/wp\/v2\/tags?post=18770"}],"curies":[{"name":"wp","href":"https:\/\/api.w.org\/{rel}","templated":true}]}}