{"id":19447,"date":"2024-09-24T13:40:07","date_gmt":"2024-09-24T11:40:07","guid":{"rendered":"https:\/\/www.blipvert.es\/?p=19447"},"modified":"2024-09-24T13:44:03","modified_gmt":"2024-09-24T11:44:03","slug":"superades-les-5-tones-de-miniresidus-reciclats-a-la-minideixalleria-de-santa-coloma-de-farners","status":"publish","type":"post","link":"https:\/\/www.blipvert.es\/en\/superades-les-5-tones-de-miniresidus-reciclats-a-la-minideixalleria-de-santa-coloma-de-farners\/","title":{"rendered":"SUPERADES LES 5 TONES DE MINIRESIDUS RECICLATS A LA MINIDEIXALLERIA DE SANTA COLOMA DE FARNERS"},"content":{"rendered":"<p>Una dada a valorar molt positivament, tenint en compte, sobretot, que s\u00f3n petits residus d\u2019\u00fas dom\u00e8stic que pesen molt poc, per\u00f2 que, tanmateix, contaminen molt si no es tracten adequadament. Per exemple: una pila de bot\u00f3 pot arribar a\u00a0pesar nom\u00e9s 1 gram, per\u00f2 el seu mercuri podria arribar a contaminar 600.000 litres d\u2019aigua. Uns auriculars de m\u00f2bil, d&#8217;altra banda, pesen menys de 8 grams per\u00f2 d\u00e9u n&#8217;hi do el que poden arribar a enredar. Gram a gram costa m\u00e9s reciclar tones, per aix\u00f2, el fet d&#8217; haver reciclat m\u00e9s de 5.000 quilos de residus petits a la minideixalleria de la Pla\u00e7a de la Pau\u00a0vol dir que l\u2019aposta de la vila gironina pel <a href=\"http:\/\/mediambient.gencat.cat\/ca\/05_ambits_dactuacio\/patrimoni_natural\/senp_catalunya\/espais_sistema\/girona\/\">Medi Ambient<\/a> funciona i que els seus habitants responen.<\/p>\n<p><img class=\"aligncenter wp-image-19451 size-full\" src=\"https:\/\/www.blipvert.es\/wp-content\/uploads\/IMG202402221316021-scaled.jpg\" alt=\"\" width=\"2560\" height=\"1152\" srcset=\"https:\/\/www.blipvert.es\/wp-content\/uploads\/IMG202402221316021-scaled.jpg 2560w, https:\/\/www.blipvert.es\/wp-content\/uploads\/IMG202402221316021-300x135.jpg 300w, https:\/\/www.blipvert.es\/wp-content\/uploads\/IMG202402221316021-1280x576.jpg 1280w, https:\/\/www.blipvert.es\/wp-content\/uploads\/IMG202402221316021-150x68.jpg 150w, https:\/\/www.blipvert.es\/wp-content\/uploads\/IMG202402221316021-768x346.jpg 768w, https:\/\/www.blipvert.es\/wp-content\/uploads\/IMG202402221316021-1536x691.jpg 1536w, https:\/\/www.blipvert.es\/wp-content\/uploads\/IMG202402221316021-2048x922.jpg 2048w\" sizes=\"(max-width: 2560px) 100vw, 2560px\" \/><\/p>\n<p style=\"text-align: center;\">Els kgs. reciclats han estat exactament <strong>5.171,40 kg<\/strong>, desglossats de la seg\u00fcent manera:<\/p>\n<p style=\"text-align: center;\">Bol\u00edgrafs i retoladors: 36,40 kg<br \/>\nBombetes de tot tipus: 583,45 kg<br \/>\nDiscos CD i DVD:\u00a0420,10 kg<br \/>\nCartutxos d&#8217;impressora: 257,15 kg<br \/>\nRAEE: 247,20 kg<br \/>\nTel\u00e8fons m\u00f2bils: 83,15 kg<br \/>\nPiles i bateries de m\u00f2bil: 3.543,95 kg<\/p>\n<p>&nbsp;<\/p>\n<p style=\"text-align: center;\"><strong>CADA COSA AL SEU LLOC<\/strong><\/p>\n<p>Les <a href=\"https:\/\/www.blipvert.es\/minideixalleria\/\">minideixalleries urbanes<\/a>\u00a0est\u00e0n obertes les 24 hores del dia i els 365 dies de l\u2019any. Innovadores i sostenibles, tamb\u00e9 actuen com a suport de comunicaci\u00f3 ecol\u00f2gica, fomentant la solidaritat, la cultura, i el comer\u00e7 de proximitat. A m\u00e9s, canviant la imatge de les boques d\u2019entrada, l\u2019Ajuntament va modernitzant les minideixalleries per encabir els nous residus que el futur ens depari.<br \/>\nVes a saber quines rapoines guardarem al calaix.<\/p>\n<p><img class=\"aligncenter wp-image-19448 size-full\" src=\"https:\/\/www.blipvert.es\/wp-content\/uploads\/IMG202402221316141-scaled.jpg\" alt=\"\" width=\"2560\" height=\"1152\" srcset=\"https:\/\/www.blipvert.es\/wp-content\/uploads\/IMG202402221316141-scaled.jpg 2560w, https:\/\/www.blipvert.es\/wp-content\/uploads\/IMG202402221316141-300x135.jpg 300w, https:\/\/www.blipvert.es\/wp-content\/uploads\/IMG202402221316141-1280x576.jpg 1280w, https:\/\/www.blipvert.es\/wp-content\/uploads\/IMG202402221316141-150x67.jpg 150w, https:\/\/www.blipvert.es\/wp-content\/uploads\/IMG202402221316141-768x346.jpg 768w, https:\/\/www.blipvert.es\/wp-content\/uploads\/IMG202402221316141-1536x691.jpg 1536w, https:\/\/www.blipvert.es\/wp-content\/uploads\/IMG202402221316141-2048x922.jpg 2048w\" sizes=\"(max-width: 2560px) 100vw, 2560px\" \/><\/p>\n<p style=\"text-align: center;\">Redueix, reutiliza, i com a \u00faltima opci\u00f3, recicla.<br \/>\nBlipvert Recologics, 2024<\/p>\n","protected":false},"excerpt":{"rendered":"<p>Una dada a valorar molt positivament, tenint en compte, sobretot, que s\u00f3n petits residus d\u2019\u00fas dom\u00e8stic que pesen molt poc, per\u00f2 que, tanmateix, contaminen molt si no es tracten adequadament. Per exemple: una pila de [&hellip;]<\/p>\n","protected":false},"author":3,"featured_media":19451,"comment_status":"closed","ping_status":"closed","sticky":false,"template":"","format":"standard","meta":[],"categories":[31],"tags":[],"_links":{"self":[{"href":"https:\/\/www.blipvert.es\/en\/wp-json\/wp\/v2\/posts\/19447"}],"collection":[{"href":"https:\/\/www.blipvert.es\/en\/wp-json\/wp\/v2\/posts"}],"about":[{"href":"https:\/\/www.blipvert.es\/en\/wp-json\/wp\/v2\/types\/post"}],"author":[{"embeddable":true,"href":"https:\/\/www.blipvert.es\/en\/wp-json\/wp\/v2\/users\/3"}],"replies":[{"embeddable":true,"href":"https:\/\/www.blipvert.es\/en\/wp-json\/wp\/v2\/comments?post=19447"}],"version-history":[{"count":4,"href":"https:\/\/www.blipvert.es\/en\/wp-json\/wp\/v2\/posts\/19447\/revisions"}],"predecessor-version":[{"id":19457,"href":"https:\/\/www.blipvert.es\/en\/wp-json\/wp\/v2\/posts\/19447\/revisions\/19457"}],"wp:featuredmedia":[{"embeddable":true,"href":"https:\/\/www.blipvert.es\/en\/wp-json\/wp\/v2\/media\/19451"}],"wp:attachment":[{"href":"https:\/\/www.blipvert.es\/en\/wp-json\/wp\/v2\/media?parent=19447"}],"wp:term":[{"taxonomy":"category","embeddable":true,"href":"https:\/\/www.blipvert.es\/en\/wp-json\/wp\/v2\/categories?post=19447"},{"taxonomy":"post_tag","embeddable":true,"href":"https:\/\/www.blipvert.es\/en\/wp-json\/wp\/v2\/tags?post=19447"}],"curies":[{"name":"wp","href":"https:\/\/api.w.org\/{rel}","templated":true}]}}