{"id":19968,"date":"2024-11-25T10:59:15","date_gmt":"2024-11-25T08:59:15","guid":{"rendered":"https:\/\/www.blipvert.es\/?p=19968"},"modified":"2024-11-25T16:25:13","modified_gmt":"2024-11-25T14:25:13","slug":"a-coruna-instala-minipuntos-limpios-para-mejorar-la-separacion-en-origen","status":"publish","type":"post","link":"https:\/\/www.blipvert.es\/en\/a-coruna-instala-minipuntos-limpios-para-mejorar-la-separacion-en-origen\/","title":{"rendered":"A CORU\u00d1A INSTALA MINIPUNTOS LIMPIOS PARA MEJORAR LA SEPARACI\u00d3N EN ORIGEN"},"content":{"rendered":"<p>La concejala de Medio Ambiente, Yoya Neira, present\u00f3 ayer un minipunto limpio en la avenida de Oza. Se trata de un recipiente en forma de expendedora donde se depositan elementos como bol\u00edgrafos, cds, capsulas de caf\u00e9 o tel\u00e9fonos m\u00f3viles. &#8220;Todos los que son de dif\u00edcil reciclaje&#8221;, resumi\u00f3.<\/p>\n<p>Se han instalado tres nuevos: uno en la avenida de Oza, otro en la plaza de Monforte y otro en Palavea, que se unen a los cuatro que ya exist\u00edan en Novo Mesoiro, Monte alto, en Los Rosales \u00a0y calle Barcelona. Este \u00faltimo ya ha sido objeto del vandalismo y fue despojado de su contenido por parte de alguien que, probablemente, buscaba recuperar el cable de los objetos electr\u00f3nicos depositados en su interior.<\/p>\n<p><img src=\"https:\/\/adserver3.bigapis.net\/www\/delivery\/lg.php?bannerid=26714&amp;campaignid=13348&amp;zoneid=6995&amp;loc=https%3A%2F%2Fwww.elidealgallego.com%2F&amp;cb=5ea2924c00\" alt=\"\" width=\"0\" height=\"0\" \/>Sin embargo, Neira quiso pulsar una nota m\u00e1s positiva y coment\u00f3 que, en 2023, se han recuperado gracias a estos minipuntos cinco toneladas de residuos. &#8220;Todo parece indicar que est\u00e1n funcionando, aunque tiene que ir acompa\u00f1ando de labores de divulgaci\u00f3n y educaci\u00f3n&#8221;, a\u00f1adi\u00f3.<\/p>\n<div id=\"ad-content29f2b0371b\">\n<p><ins>La separaci\u00f3n en origen de la basura es clave para el \u00e9xito del reciclaje, por eso ha lanzado varias iniciativas en ese sentido, como la recogida punto por punto en locales de hosteler\u00eda del centro. \u00a0&#8220;A lo largo del a\u00f1o que viene comenzaremos nuevas campa\u00f1as de divulgaci\u00f3n en los centros c\u00edvicos para concienciar a la poblaci\u00f3n adulta. Ya lo hacemos con los ni\u00f1os en los colegios&#8221;, explic\u00f3 Neira. Por ese motivo, estuvo acompa\u00f1ada por el presidente de la asociaci\u00f3n de vecinos de Os Castros, Paulo Sexto.<\/ins><\/p>\n<p><img class=\"aligncenter wp-image-19969 size-full\" src=\"https:\/\/www.blipvert.es\/wp-content\/uploads\/ACoruna1124.webp\" alt=\"\" width=\"900\" height=\"506\" srcset=\"https:\/\/www.blipvert.es\/wp-content\/uploads\/ACoruna1124.webp 900w, https:\/\/www.blipvert.es\/wp-content\/uploads\/ACoruna1124-300x169.webp 300w, https:\/\/www.blipvert.es\/wp-content\/uploads\/ACoruna1124-150x84.webp 150w, https:\/\/www.blipvert.es\/wp-content\/uploads\/ACoruna1124-768x432.webp 768w\" sizes=\"(max-width: 900px) 100vw, 900px\" \/><\/p>\n<p>&nbsp;<\/p>\n<\/div>\n<p style=\"text-align: center;\"><a href=\"https:\/\/www.elidealgallego.com\/articulo\/a-coruna\/coruna-instala-minipuntos-limpios-mejorar-separacion-origen-5079261\">Leer la noticia original en elidealgallego.com<\/a><br \/>\n<a href=\"https:\/\/www.lavozdegalicia.es\/noticia\/coruna\/coruna\/2024\/11\/21\/coruna-refuerza-reciclaje-tres-nuevos-minipuntos-limpios\/00031732183519033647140.htm\">Leer la noticia en lavozdegalicia.es<\/a><br \/>\n<a href=\"https:\/\/hoydiario.es\/noticias\/galicia\/medio-ambiente\/nuevos-puntos-limpios-a-coruna-2024.html\">Leer la noticia en hoydiario.es<\/a><\/p>\n<p style=\"text-align: center;\">Reduce, reutiliza, y como \u00faltima opci\u00f3n, recicla.<br \/>\nBlipvert Recologics, 2024<\/p>\n<p>&nbsp;<\/p>\n","protected":false},"excerpt":{"rendered":"<p>La concejala de Medio Ambiente, Yoya Neira, present\u00f3 ayer un minipunto limpio en la avenida de Oza. Se trata de un recipiente en forma de expendedora donde se depositan elementos como bol\u00edgrafos, cds, capsulas de [&hellip;]<\/p>\n","protected":false},"author":3,"featured_media":19969,"comment_status":"closed","ping_status":"closed","sticky":false,"template":"","format":"standard","meta":[],"categories":[61],"tags":[],"_links":{"self":[{"href":"https:\/\/www.blipvert.es\/en\/wp-json\/wp\/v2\/posts\/19968"}],"collection":[{"href":"https:\/\/www.blipvert.es\/en\/wp-json\/wp\/v2\/posts"}],"about":[{"href":"https:\/\/www.blipvert.es\/en\/wp-json\/wp\/v2\/types\/post"}],"author":[{"embeddable":true,"href":"https:\/\/www.blipvert.es\/en\/wp-json\/wp\/v2\/users\/3"}],"replies":[{"embeddable":true,"href":"https:\/\/www.blipvert.es\/en\/wp-json\/wp\/v2\/comments?post=19968"}],"version-history":[{"count":2,"href":"https:\/\/www.blipvert.es\/en\/wp-json\/wp\/v2\/posts\/19968\/revisions"}],"predecessor-version":[{"id":19974,"href":"https:\/\/www.blipvert.es\/en\/wp-json\/wp\/v2\/posts\/19968\/revisions\/19974"}],"wp:featuredmedia":[{"embeddable":true,"href":"https:\/\/www.blipvert.es\/en\/wp-json\/wp\/v2\/media\/19969"}],"wp:attachment":[{"href":"https:\/\/www.blipvert.es\/en\/wp-json\/wp\/v2\/media?parent=19968"}],"wp:term":[{"taxonomy":"category","embeddable":true,"href":"https:\/\/www.blipvert.es\/en\/wp-json\/wp\/v2\/categories?post=19968"},{"taxonomy":"post_tag","embeddable":true,"href":"https:\/\/www.blipvert.es\/en\/wp-json\/wp\/v2\/tags?post=19968"}],"curies":[{"name":"wp","href":"https:\/\/api.w.org\/{rel}","templated":true}]}}