{"id":20185,"date":"2025-01-12T10:32:24","date_gmt":"2025-01-12T08:32:24","guid":{"rendered":"https:\/\/www.blipvert.es\/?p=20185"},"modified":"2025-01-14T13:52:41","modified_gmt":"2025-01-14T11:52:41","slug":"o-concello-de-carballo-duplica-o-numero-de-minipuntos-limpos-de-proximidade","status":"publish","type":"post","link":"https:\/\/www.blipvert.es\/en\/o-concello-de-carballo-duplica-o-numero-de-minipuntos-limpos-de-proximidade\/","title":{"rendered":"O CONCELLO DE CARBALLO DUPLICA O N\u00daMERO DE MINIPUNTOS LIMPOS DE PROXIMIDADE"},"content":{"rendered":"<div id=\"ez-toc-container\" class=\"ez-toc-v2_0_33 counter-hierarchy ez-toc-grey ez-toc-container-direction\">\n<div class=\"ez-toc-title-container\">\n<p class=\"ez-toc-title\">Contents of the article<\/p>\n<span class=\"ez-toc-title-toggle\"><a href=\"#\" class=\"ez-toc-pull-right ez-toc-btn ez-toc-btn-xs ez-toc-btn-default ez-toc-toggle\" style=\"display: none;\"><label for=\"item\" aria-label=\"Table of Content\"><i class=\"ez-toc-glyphicon ez-toc-icon-toggle\"><\/i><\/label><input type=\"checkbox\" id=\"item\"><\/a><\/span><\/div>\n<nav><ul class='ez-toc-list ez-toc-list-level-1'><li class='ez-toc-page-1 ez-toc-heading-level-1'><a class=\"ez-toc-link ez-toc-heading-1\" href=\"https:\/\/www.blipvert.es\/en\/o-concello-de-carballo-duplica-o-numero-de-minipuntos-limpos-de-proximidade\/#O-Concello-de-Carballo-duplica-o-numero-de-minipuntos-limpos-de-proximidade-para-facilitar-a-reciclaxe\" title=\"O Concello de Carballo duplica o n\u00famero de minipuntos limpos de proximidade para facilitar a reciclaxe\">O Concello de Carballo duplica o n\u00famero de minipuntos limpos de proximidade para facilitar a reciclaxe<\/a><ul class='ez-toc-list-level-3'><li class='ez-toc-heading-level-3'><ul class='ez-toc-list-level-3'><li class='ez-toc-heading-level-3'><a class=\"ez-toc-link ez-toc-heading-2\" href=\"https:\/\/www.blipvert.es\/en\/o-concello-de-carballo-duplica-o-numero-de-minipuntos-limpos-de-proximidade\/#Os-novos-colectores-situados-nos-barrios-da-Milagrosa-O-Choris-e-O-Hospital-San-Cristovo-incluen-por-primeira-vez-un-deposito-especifico-para-material-escolar\" title=\"Os novos colectores, situados nos barrios da Milagrosa, O Chor\u00eds e O Hospital-San Cristovo, incl\u00faen por primeira vez un dep\u00f3sito espec\u00edfico para material escolar\">Os novos colectores, situados nos barrios da Milagrosa, O Chor\u00eds e O Hospital-San Cristovo, incl\u00faen por primeira vez un dep\u00f3sito espec\u00edfico para material escolar<\/a><\/li><\/ul><\/li><\/ul><\/li><\/ul><\/nav><\/div>\n<h1><span class=\"ez-toc-section\" id=\"O-Concello-de-Carballo-duplica-o-numero-de-minipuntos-limpos-de-proximidade-para-facilitar-a-reciclaxe\"><\/span>O Concello de Carballo duplica o n\u00famero de minipuntos limpos de proximidade para facilitar a reciclaxe<span class=\"ez-toc-section-end\"><\/span><\/h1>\n<h3 class=\"subtitulo\"><span class=\"ez-toc-section\" id=\"Os-novos-colectores-situados-nos-barrios-da-Milagrosa-O-Choris-e-O-Hospital-San-Cristovo-incluen-por-primeira-vez-un-deposito-especifico-para-material-escolar\"><\/span>Os novos colectores, situados nos barrios da Milagrosa, O Chor\u00eds e O Hospital-San Cristovo, incl\u00faen por primeira vez un dep\u00f3sito espec\u00edfico para material escolar<span class=\"ez-toc-section-end\"><\/span><\/h3>\n<p class=\"data ficha\"><i class=\"fa fa-calendar-o\"><\/i>Xoves 19 de decembro do 2024 <span class=\"desc\"><i class=\"fa fa-paperclip\"><\/i> <a title=\"Ir a Carballo ao d\u00eda\" href=\"https:\/\/www.carballo.org\/novas.php?idioma=gl\">Carballo ao d\u00eda<\/a><\/span><\/p>\n<p><img class=\"aligncenter wp-image-20205 \" src=\"https:\/\/www.blipvert.es\/wp-content\/uploads\/minipunto_limpo_milagrosa_capela.jpeg\" alt=\"\" width=\"725\" height=\"544\" srcset=\"https:\/\/www.blipvert.es\/wp-content\/uploads\/minipunto_limpo_milagrosa_capela.jpeg 800w, https:\/\/www.blipvert.es\/wp-content\/uploads\/minipunto_limpo_milagrosa_capela-300x225.jpeg 300w, https:\/\/www.blipvert.es\/wp-content\/uploads\/minipunto_limpo_milagrosa_capela-150x113.jpeg 150w, https:\/\/www.blipvert.es\/wp-content\/uploads\/minipunto_limpo_milagrosa_capela-768x576.jpeg 768w\" sizes=\"(max-width: 725px) 100vw, 725px\" \/><\/p>\n<p class=\"data ficha\">O Concello de Carballo trata de <strong>facilitar \u00e1 cidadan\u00eda a xesti\u00f3n de todos os materiais<\/strong> <strong>que, polas s\u00faas caracter\u00edsticas, non poden depositarse nos colectores que hai nas r\u00faas<\/strong>. Por iso, ademais do punto limpo, situado no pol\u00edgono industrial de B\u00e9rtoa, que abre os xoves e s\u00e1bados en horario de ma\u00f1\u00e1 e tarde, e do punto limpo m\u00f3bil, que funciona con cita previa, <strong>vimos de duplicar o n\u00famero de minipuntos limpos<\/strong>, cos que intentamos facilitar o acceso da veci\u00f1anza a contedores para residuos espec\u00edficos, en xeral contaminantes, de pequeno tama\u00f1o.<\/p>\n<p>Aos tres <strong>minipuntos limpos situados nas r\u00faas Per\u00fa, Fomento e V\u00e1zquez de Parga <\/strong>ve\u00f1en de sumarse outros tres noutros tantos barrios urbanos: un<strong> no Chor\u00eds<\/strong>, xunto ao colexio Fogar; outro<strong>na Milagrosa, <\/strong>preto da capela, e o terceiro entre O Hospital e o Barrio das Flores ou San Cristovo,<strong>\u00a0no cruce da r\u00faa F\u00e1brica e a avenida das Flores. <\/strong>A instalaci\u00f3n levouse a cabo con cargo \u00e1s <em>Subvenci\u00f3ns a entidades locais galegas para o financiamento de mellora de puntos limpos existentes, instalaci\u00f3n de puntos limpos de proximidade, puntos limpos m\u00f3biles PXR e autorreparaci\u00f3n e implementaci\u00f3n de melloras nas instalaci\u00f3ns de tratamento existentes en materia de residuos de competencia municipal. Fondos de recuperaci\u00f3n e resiliencia<\/em>.<\/p>\n<p>Os minipuntos limpos permiten a recollida selectiva de sete residuos diferentes. No caso de Carballo son os seguintes: <strong>c\u00e1psulas de caf\u00e9, luminarias de baixo consumo, pilas e bater\u00edas, residuos de aparellos el\u00e9ctricos e electr\u00f3nicos (RAEE) de pequeno formato, tel\u00e9fonos m\u00f3biles, cartuchos de impresora e toners e material escolar<\/strong>, que se introduce por primeira vez en substituci\u00f3n dos CD e DVD, xa en desuso.<\/p>\n<p>No que vai de ano deposit\u00e1ronse nos tres minipuntos limpos existentes ata agora un total de <strong>2.590 quilos de residuos<\/strong>, 725 m\u00e1is que no 2023, o que sup\u00f3n un incremento de case o 39%. Por unidades, as cantidades recollidas corresponder\u00edan a 1.800 tel\u00e9fonos m\u00f3biles, 2.775 luminarias, 3.000 cartuchos de tinta, 18.125 pequenos electrodom\u00e9sticos, 55.000 pilas e\/ou bater\u00edas e 6.500 c\u00e1psulas de caf\u00e9. Mentres nos tres primeiros tipos se rexistrou un descenso con respecto ao ano 2023, tanto as pilas coma os pequenos electrodom\u00e9sticos e as c\u00e1psulas van en aumento.<\/p>\n<p>E un dato m\u00e1is para animarnos a utilizar os minipuntos limpos: <strong>a xesti\u00f3n axeitada de todos os residuos recollidos ao longo do ano 2024 equivale \u00e1<\/strong> <strong>plantaci\u00f3n de 202.244 \u00e1rbores.<\/strong><\/p>\n<p><img class=\"aligncenter wp-image-20209 \" src=\"https:\/\/www.blipvert.es\/wp-content\/uploads\/Carballo0.jpg\" alt=\"\" width=\"727\" height=\"545\" srcset=\"https:\/\/www.blipvert.es\/wp-content\/uploads\/Carballo0.jpg 640w, https:\/\/www.blipvert.es\/wp-content\/uploads\/Carballo0-300x225.jpg 300w, https:\/\/www.blipvert.es\/wp-content\/uploads\/Carballo0-150x113.jpg 150w\" sizes=\"(max-width: 727px) 100vw, 727px\" \/><\/p>\n<p style=\"text-align: center;\"><a href=\"https:\/\/www.carballo.org\/novas.php?id=9654&amp;idioma=gl&amp;sec=292\">Leer noticia original en el sitio web del Concello de Carballo<\/a><br \/>\n<a href=\"https:\/\/www.lavozdegalicia.es\/noticia\/carballo\/carballo\/2024\/12\/20\/carballo-duplica-numero-minipuntos-limpios-casco-urbano\/0003_202412C20C4993.htm\">Leer noticia original en lavozdegalicia.es<\/a><\/p>\n<div class=\"o-grid--subgrid grid o-grid__item--col-8\">\n<div class=\"m-social-share--main-mobile\">\n<p style=\"text-align: center;\">Reduce, reutiliza, y como \u00faltima opci\u00f3n, recicla.<br \/>\nBlipvert Recologics, 2025<\/p>\n<\/div>\n<\/div>\n","protected":false},"excerpt":{"rendered":"<p>O Concello de Carballo duplica o n\u00famero de minipuntos limpos de proximidade para facilitar a reciclaxe Os novos colectores, situados nos barrios da Milagrosa, O Chor\u00eds e O Hospital-San Cristovo, incl\u00faen por primeira vez un [&hellip;]<\/p>\n","protected":false},"author":3,"featured_media":20209,"comment_status":"closed","ping_status":"closed","sticky":false,"template":"","format":"standard","meta":[],"categories":[61],"tags":[],"_links":{"self":[{"href":"https:\/\/www.blipvert.es\/en\/wp-json\/wp\/v2\/posts\/20185"}],"collection":[{"href":"https:\/\/www.blipvert.es\/en\/wp-json\/wp\/v2\/posts"}],"about":[{"href":"https:\/\/www.blipvert.es\/en\/wp-json\/wp\/v2\/types\/post"}],"author":[{"embeddable":true,"href":"https:\/\/www.blipvert.es\/en\/wp-json\/wp\/v2\/users\/3"}],"replies":[{"embeddable":true,"href":"https:\/\/www.blipvert.es\/en\/wp-json\/wp\/v2\/comments?post=20185"}],"version-history":[{"count":19,"href":"https:\/\/www.blipvert.es\/en\/wp-json\/wp\/v2\/posts\/20185\/revisions"}],"predecessor-version":[{"id":20239,"href":"https:\/\/www.blipvert.es\/en\/wp-json\/wp\/v2\/posts\/20185\/revisions\/20239"}],"wp:featuredmedia":[{"embeddable":true,"href":"https:\/\/www.blipvert.es\/en\/wp-json\/wp\/v2\/media\/20209"}],"wp:attachment":[{"href":"https:\/\/www.blipvert.es\/en\/wp-json\/wp\/v2\/media?parent=20185"}],"wp:term":[{"taxonomy":"category","embeddable":true,"href":"https:\/\/www.blipvert.es\/en\/wp-json\/wp\/v2\/categories?post=20185"},{"taxonomy":"post_tag","embeddable":true,"href":"https:\/\/www.blipvert.es\/en\/wp-json\/wp\/v2\/tags?post=20185"}],"curies":[{"name":"wp","href":"https:\/\/api.w.org\/{rel}","templated":true}]}}