{"id":21057,"date":"2025-08-25T12:25:28","date_gmt":"2025-08-25T10:25:28","guid":{"rendered":"https:\/\/www.blipvert.es\/?p=21057"},"modified":"2025-08-25T13:01:24","modified_gmt":"2025-08-25T11:01:24","slug":"les-dues-minideixalleries-dulldecona-recullen-248-kg-de-residus-domestics-de-petites-dimensions-en-mig-any","status":"publish","type":"post","link":"https:\/\/www.blipvert.es\/en\/les-dues-minideixalleries-dulldecona-recullen-248-kg-de-residus-domestics-de-petites-dimensions-en-mig-any\/","title":{"rendered":"LES DUES MINIDEIXALLERIES D\u2019ULLDECONA RECULLEN 248 KG DE MINIRESIDUS EN MIG ANY"},"content":{"rendered":"<p>Les dues minideixalleries situades al nucli urb\u00e0 d\u2019Ulldecona, una a la pla\u00e7a Diputaci\u00f3 i una altra a l\u2019avinguda Generalitat, han servit durant el primer semestre del 2025 per recollir 248 kg de residus dom\u00e8stics de petites dimensions.<\/p>\n<p>En concret, s\u2019han recollit 255 unitats de bombetes de baix consum, 960 unitats de CD\u2019s \/ DVD\u2019s, 280 cartutxos d\u2019impressora, 750 unitats d\u2019aparells el\u00e8ctrics o electr\u00f2nics (RAEE) i un total de 8.900 piles i bateries de m\u00f2bil.<\/p>\n<p>Al llarg dels pr\u00f2xims mesos, segons explica la regidora responsable de l\u2019\u00e0rea de neteja i residus, Eli Itarte, l\u2019Ajuntament vol \u201cimpulsar la instal\u00b7laci\u00f3 de noves minideixalleries tant al nucli urb\u00e0 d\u2019Ulldecona com a diversos dels barris de la localitat, amb la intenci\u00f3 de fomentar el reciclatge d\u2019aquests petits residus dom\u00e8stics, incrementant l\u2019\u00edndex de recollida selectiva i recuperant materials per a la seva reutilitzaci\u00f3\u201d.<\/p>\n<p>&nbsp;<\/p>\n<p><img class=\"aligncenter wp-image-21058 \" src=\"https:\/\/www.blipvert.es\/wp-content\/uploads\/Ulldecona.jpeg\" alt=\"\" width=\"596\" height=\"276\" srcset=\"https:\/\/www.blipvert.es\/wp-content\/uploads\/Ulldecona.jpeg 768w, https:\/\/www.blipvert.es\/wp-content\/uploads\/Ulldecona-300x139.jpeg 300w, https:\/\/www.blipvert.es\/wp-content\/uploads\/Ulldecona-150x69.jpeg 150w\" sizes=\"(max-width: 596px) 100vw, 596px\" \/><\/p>\n<p>&nbsp;<\/p>\n<p style=\"text-align: center;\"><a href=\"https:\/\/ebredigital.cat\/2025\/08\/25\/les-dues-minideixalleries-dulldecona-recullen-248-kg-de-residus-domestics-de-petites-dimensions-en-mig-any\/\">Llegir la not\u00edcia original a ebredigital.cat<\/a><\/p>\n<p style=\"text-align: center;\">Redueix, reutiliza, i com a \u00faltima opci\u00f3, recicla.<br \/>\nBlipvert Recologics, 2025<\/p>\n","protected":false},"excerpt":{"rendered":"<p>Les dues minideixalleries situades al nucli urb\u00e0 d\u2019Ulldecona, una a la pla\u00e7a Diputaci\u00f3 i una altra a l\u2019avinguda Generalitat, han servit durant el primer semestre del 2025 per recollir 248 kg de residus dom\u00e8stics de [&hellip;]<\/p>\n","protected":false},"author":3,"featured_media":21058,"comment_status":"closed","ping_status":"closed","sticky":false,"template":"","format":"standard","meta":[],"categories":[31],"tags":[],"_links":{"self":[{"href":"https:\/\/www.blipvert.es\/en\/wp-json\/wp\/v2\/posts\/21057"}],"collection":[{"href":"https:\/\/www.blipvert.es\/en\/wp-json\/wp\/v2\/posts"}],"about":[{"href":"https:\/\/www.blipvert.es\/en\/wp-json\/wp\/v2\/types\/post"}],"author":[{"embeddable":true,"href":"https:\/\/www.blipvert.es\/en\/wp-json\/wp\/v2\/users\/3"}],"replies":[{"embeddable":true,"href":"https:\/\/www.blipvert.es\/en\/wp-json\/wp\/v2\/comments?post=21057"}],"version-history":[{"count":2,"href":"https:\/\/www.blipvert.es\/en\/wp-json\/wp\/v2\/posts\/21057\/revisions"}],"predecessor-version":[{"id":21062,"href":"https:\/\/www.blipvert.es\/en\/wp-json\/wp\/v2\/posts\/21057\/revisions\/21062"}],"wp:featuredmedia":[{"embeddable":true,"href":"https:\/\/www.blipvert.es\/en\/wp-json\/wp\/v2\/media\/21058"}],"wp:attachment":[{"href":"https:\/\/www.blipvert.es\/en\/wp-json\/wp\/v2\/media?parent=21057"}],"wp:term":[{"taxonomy":"category","embeddable":true,"href":"https:\/\/www.blipvert.es\/en\/wp-json\/wp\/v2\/categories?post=21057"},{"taxonomy":"post_tag","embeddable":true,"href":"https:\/\/www.blipvert.es\/en\/wp-json\/wp\/v2\/tags?post=21057"}],"curies":[{"name":"wp","href":"https:\/\/api.w.org\/{rel}","templated":true}]}}