{"id":4400,"date":"2019-07-27T10:55:26","date_gmt":"2019-07-27T08:55:26","guid":{"rendered":"https:\/\/www.blipvert.es\/?p=4400"},"modified":"2021-11-22T14:28:07","modified_gmt":"2021-11-22T12:28:07","slug":"mataro-impulsa-leconomia-circular-amb-la-construccio-de-maresme-circular","status":"publish","type":"post","link":"https:\/\/www.blipvert.es\/en\/mataro-impulsa-leconomia-circular-amb-la-construccio-de-maresme-circular\/","title":{"rendered":"MATAR\u00d3 IMPULSA L&#8217;ECONOMIA CIRCULAR AMB LA CONSTRUCCI\u00d3 DE &#8216;MARESME CIRCULAR&#8217;"},"content":{"rendered":"<p><img class=\"aligncenter wp-image-4401 size-full\" src=\"https:\/\/www.blipvert.es\/wp-content\/uploads\/IMG-20190730-WA0006.jpg\" alt=\"\" width=\"1600\" height=\"1312\" srcset=\"https:\/\/www.blipvert.es\/wp-content\/uploads\/IMG-20190730-WA0006.jpg 1600w, https:\/\/www.blipvert.es\/wp-content\/uploads\/IMG-20190730-WA0006-150x123.jpg 150w, https:\/\/www.blipvert.es\/wp-content\/uploads\/IMG-20190730-WA0006-300x246.jpg 300w, https:\/\/www.blipvert.es\/wp-content\/uploads\/IMG-20190730-WA0006-768x630.jpg 768w, https:\/\/www.blipvert.es\/wp-content\/uploads\/IMG-20190730-WA0006-1280x1050.jpg 1280w\" sizes=\"(max-width: 1600px) 100vw, 1600px\" \/><\/p>\n<p>Avui dia 27, al bell mig de la festa major de Matar\u00f3, \u00e9s el dia de les Santes patrones de la ciutat: Santa Juliana i Santa Semproniana. \u00c9s en honor a elles que la festa gran de la capital del Maresme va prendre el nom gen\u00e8ric de &#8216;Les Santes&#8217;.<\/p>\n<p>Aquests dies de festa, les compactadores de llaunes que donen servei a les platges treballen dia i nit, sent la setmana de major reciclatge de l&#8217;any.<\/p>\n<p>El comprom\u00eds de Matar\u00f3 amb l&#8217;economia circular \u00e9s evident: ho va demostrar sent una de les primeres ciutats en incorporar el servei de\u00a0compactadores de llaunes Estrella Damm, i ara ho far\u00e0 acollint el parc Maresme Circular, un centre d\u2019economia circular, pioner al sud d\u2019Europa, que el Consorci per al Tractament de Residus S\u00f2lids Urbans del Maresme (CTRSUM) construir\u00e0 en una parcel\u00b7la del pol\u00edgon industrial de Mata-Rocafonda.<\/p>\n","protected":false},"excerpt":{"rendered":"<p>Avui dia 27, al bell mig de la festa major de Matar\u00f3, \u00e9s el dia de les Santes patrones de la ciutat: Santa Juliana i Santa Semproniana. \u00c9s en honor a elles que la festa [&hellip;]<\/p>\n","protected":false},"author":3,"featured_media":4401,"comment_status":"closed","ping_status":"closed","sticky":false,"template":"","format":"standard","meta":[],"categories":[31],"tags":[],"_links":{"self":[{"href":"https:\/\/www.blipvert.es\/en\/wp-json\/wp\/v2\/posts\/4400"}],"collection":[{"href":"https:\/\/www.blipvert.es\/en\/wp-json\/wp\/v2\/posts"}],"about":[{"href":"https:\/\/www.blipvert.es\/en\/wp-json\/wp\/v2\/types\/post"}],"author":[{"embeddable":true,"href":"https:\/\/www.blipvert.es\/en\/wp-json\/wp\/v2\/users\/3"}],"replies":[{"embeddable":true,"href":"https:\/\/www.blipvert.es\/en\/wp-json\/wp\/v2\/comments?post=4400"}],"version-history":[{"count":8,"href":"https:\/\/www.blipvert.es\/en\/wp-json\/wp\/v2\/posts\/4400\/revisions"}],"predecessor-version":[{"id":4411,"href":"https:\/\/www.blipvert.es\/en\/wp-json\/wp\/v2\/posts\/4400\/revisions\/4411"}],"wp:featuredmedia":[{"embeddable":true,"href":"https:\/\/www.blipvert.es\/en\/wp-json\/wp\/v2\/media\/4401"}],"wp:attachment":[{"href":"https:\/\/www.blipvert.es\/en\/wp-json\/wp\/v2\/media?parent=4400"}],"wp:term":[{"taxonomy":"category","embeddable":true,"href":"https:\/\/www.blipvert.es\/en\/wp-json\/wp\/v2\/categories?post=4400"},{"taxonomy":"post_tag","embeddable":true,"href":"https:\/\/www.blipvert.es\/en\/wp-json\/wp\/v2\/tags?post=4400"}],"curies":[{"name":"wp","href":"https:\/\/api.w.org\/{rel}","templated":true}]}}