{"id":4494,"date":"2019-08-02T19:41:55","date_gmt":"2019-08-02T17:41:55","guid":{"rendered":"https:\/\/www.blipvert.es\/?p=4494"},"modified":"2022-02-28T16:57:43","modified_gmt":"2022-02-28T14:57:43","slug":"albaran-primer-municipio-de-interior-que-se-suma-al-reciclaje-solidario-de-estrella-levante","status":"publish","type":"post","link":"https:\/\/www.blipvert.es\/en\/albaran-primer-municipio-de-interior-que-se-suma-al-reciclaje-solidario-de-estrella-levante\/","title":{"rendered":"ABAR\u00c1N, PRIMER MUNICIPIO DE INTERIOR QUE SE SUMA AL RECICLAJE SOLIDARIO DE ESTRELLA LEVANTE"},"content":{"rendered":"<h3 class=\"new_subtitle\">El Centro Especial de Empleo para Personas con Discapacidad Gesilda Group SL de Abar\u00e1n ser\u00e1 beneficiario de esta iniciativa.<\/h3>\n<div class=\"new_text \">\n<p><strong>E<\/strong>ste mi\u00e9rcoles se ha oficializado la puesta en marcha en nuestra localidad de los nuevos contenedores para el reciclaje de latas de bebidas. Se trata de un convenio suscrito entre el <strong>Ayuntamiento de Abar\u00e1n<\/strong>\u00a0a trav\u00e9s de la <strong>Concejal\u00eda de Medio Ambiente<\/strong>, y la empresa murciana <strong>Estrella de Levante<\/strong> que ha dotado a nuestro municipio -el primero de interior en disponer del nuevo servicio-, de tres de estas m\u00e1quinas compactadoras. Ser\u00e1 beneficiario de esta iniciativa el <strong>Centro Especial de Empleo para Personas con Discapacidad de<\/strong><strong>Gesilda Group SL<\/strong> de Abar\u00e1n, que se encargar\u00e1\u00a0de gestionar el mantenimiento y limpieza de las prensas, un trabajo remunerado al que se sumar\u00e1 el importe que se recaude por el aluminio reciclado.\u00a0El objetivo es concienciar sobre la importancia del medio ambiente a trav\u00e9s de un proyecto que fomenta la integraci\u00f3n laboral de personas con discapacidad. El acto ha contado con la presencia del\u00a0director t\u00e9cnico de Estrella Levante, Juan Antonio L\u00f3pez Abad\u00eda, a quien han acompa\u00f1ado distintos representantes de la corporaci\u00f3n municipal y de Gesilda Group.<\/p>\n<p>Como ya avanzamos d\u00edas atr\u00e1s, estas tres m\u00e1quinas, que compactan las latas de bebida con un sencillo mecanismo manual, han sido ubicadas en puntos estrat\u00e9gicos de la piscina municipal del polideportivo,\u00a0en el paraje &#8216;El Jarral&#8217;, y en el parque municipal.\u00a0Estrella de Levante, como marca comprometida con la sostenibilidad y la integraci\u00f3n social ha extendido esta iniciativa a varios ayuntamientos de la Regi\u00f3n, donde, actualmente, ya se cuenta con m\u00e1s de 40 compactadoras de latas con la imagen de VERNA, la cerveza con lim\u00f3n, o la cl\u00e1sica Estrella de Levante. De esta forma, los usuarios podr\u00e1n encontrar las compactadoras en varias zonas pr\u00f3ximas al Mar Menor, como San Pedro del Pinatar, El Pilar de la Horadada, San Javier y \u00c1guilas<\/p>\n<p>En cada compactador caben 2.000 latas de aluminio que, hoy en d\u00eda, necesitan el 40% menos del metal que las latas que\u00a0se fabricaban hace 25 a\u00f1os, menos energ\u00eda y materia prima. Es un residuo de f\u00e1cil manejo, ligero, que no se rompe, no arde y no se oxida. Se compacta f\u00e1cilmente y tiene importantes ventajas porque el 100% del aluminio puede ser reciclado sin disminuir su calidad.<\/p>\n<p><strong>Abar\u00e1n, primer municipio de interior<\/strong><\/p>\n<p>Abar\u00e1n es el primer municipio del interior que cuenta con estas &#8216;prensas&#8217; de latas para concienciar y fomentar el reciclaje de aluminio.\u00a0De esta forma\u00a0nuestro municipio se suma a un proyecto cuyo objetivo \u00ab<strong>es impulsar el reciclaje y la econom\u00eda circular, adem\u00e1s de concienciar a los ciudadanos y ciudadanas sobre la necesidad de\u00a0cuidar el medio ambiente<\/strong>\u00bb.<\/p>\n<p>\u00ab<strong>Desde el Ayuntamiento de Abar\u00e1n animamos a vecinos y visitantes a hacer uso de estas m\u00e1quinas compactadoras, para cuidar nuestro entorno y nuestro planeta.\u00a0\u00a1Gracias!<\/strong>\u00bb, han destacado fuentes municipales.<\/p>\n<p>\u00ab<strong>Para Estrella de Levante la colaboraci\u00f3n con los ayuntamientos fomenta el compromiso con el entorno y las personas, y conciencia sobre las ventajas del reciclaje a los ciudadanos<\/strong>\u00bb, ha destacado el\u00a0director t\u00e9cnico de esta destacada empresa murciana, Juan Antonio L\u00f3pez.<\/p>\n<p>Enlaces a la noticia original:<\/p>\n<p><a href=\"http:\/\/abarandiaadia.com\/art\/6408\/abaran-es-el-primer-municipio-de-interior-que-se-suma-al-reciclaje-solidario-de-estrella-de-levante\">http:\/\/abarandiaadia.com\/art\/6408\/abaran-es-el-primer-municipio-de-interior-que-se-suma-al-reciclaje-solidario-de-estrella-de-levante<\/a><\/p>\n<p><a href=\"http:\/\/abaran.es\/noticiadetalle-2008\">http:\/\/abaran.es\/noticiadetalle-2008<\/a><\/p>\n<p><iframe title=\"Inauguraci\u00f3n de los nuevos contenedores para latas ubicados en Abar\u00e1n\" width=\"500\" height=\"281\" src=\"https:\/\/www.youtube.com\/embed\/LTRGj9dlm0s?feature=oembed\" frameborder=\"0\" allow=\"accelerometer; autoplay; clipboard-write; encrypted-media; gyroscope; picture-in-picture\" allowfullscreen><\/iframe><\/p>\n<\/div>\n","protected":false},"excerpt":{"rendered":"<p>El Centro Especial de Empleo para Personas con Discapacidad Gesilda Group SL de Abar\u00e1n ser\u00e1 beneficiario de esta iniciativa. Este mi\u00e9rcoles se ha oficializado la puesta en marcha en nuestra localidad de los nuevos contenedores [&hellip;]<\/p>\n","protected":false},"author":3,"featured_media":4495,"comment_status":"closed","ping_status":"closed","sticky":false,"template":"","format":"standard","meta":[],"categories":[74],"tags":[],"_links":{"self":[{"href":"https:\/\/www.blipvert.es\/en\/wp-json\/wp\/v2\/posts\/4494"}],"collection":[{"href":"https:\/\/www.blipvert.es\/en\/wp-json\/wp\/v2\/posts"}],"about":[{"href":"https:\/\/www.blipvert.es\/en\/wp-json\/wp\/v2\/types\/post"}],"author":[{"embeddable":true,"href":"https:\/\/www.blipvert.es\/en\/wp-json\/wp\/v2\/users\/3"}],"replies":[{"embeddable":true,"href":"https:\/\/www.blipvert.es\/en\/wp-json\/wp\/v2\/comments?post=4494"}],"version-history":[{"count":5,"href":"https:\/\/www.blipvert.es\/en\/wp-json\/wp\/v2\/posts\/4494\/revisions"}],"predecessor-version":[{"id":10420,"href":"https:\/\/www.blipvert.es\/en\/wp-json\/wp\/v2\/posts\/4494\/revisions\/10420"}],"wp:featuredmedia":[{"embeddable":true,"href":"https:\/\/www.blipvert.es\/en\/wp-json\/wp\/v2\/media\/4495"}],"wp:attachment":[{"href":"https:\/\/www.blipvert.es\/en\/wp-json\/wp\/v2\/media?parent=4494"}],"wp:term":[{"taxonomy":"category","embeddable":true,"href":"https:\/\/www.blipvert.es\/en\/wp-json\/wp\/v2\/categories?post=4494"},{"taxonomy":"post_tag","embeddable":true,"href":"https:\/\/www.blipvert.es\/en\/wp-json\/wp\/v2\/tags?post=4494"}],"curies":[{"name":"wp","href":"https:\/\/api.w.org\/{rel}","templated":true}]}}