{"id":4628,"date":"2019-08-16T20:09:53","date_gmt":"2019-08-16T18:09:53","guid":{"rendered":"https:\/\/www.blipvert.es\/?p=4628"},"modified":"2023-02-08T20:07:18","modified_gmt":"2023-02-08T18:07:18","slug":"el-servei-de-reciclatge-de-llaunes-a-la-platja-daltafulla-funciona-a-ple-rendiment","status":"publish","type":"post","link":"https:\/\/www.blipvert.es\/en\/el-servei-de-reciclatge-de-llaunes-a-la-platja-daltafulla-funciona-a-ple-rendiment\/","title":{"rendered":"EL SERVEI DE RECICLATGE DE LLAUNES A LA PLATJA D&#8217;ALTAFULLA (TARRAGONA) FUNCIONA A PLE RENDIMENT"},"content":{"rendered":"<p><img class=\"aligncenter wp-image-4629 size-full\" src=\"https:\/\/www.blipvert.es\/wp-content\/uploads\/IMG_5195.jpg\" alt=\"\" width=\"5616\" height=\"3744\" srcset=\"https:\/\/www.blipvert.es\/wp-content\/uploads\/IMG_5195.jpg 5616w, https:\/\/www.blipvert.es\/wp-content\/uploads\/IMG_5195-150x100.jpg 150w, https:\/\/www.blipvert.es\/wp-content\/uploads\/IMG_5195-300x200.jpg 300w, https:\/\/www.blipvert.es\/wp-content\/uploads\/IMG_5195-768x512.jpg 768w, https:\/\/www.blipvert.es\/wp-content\/uploads\/IMG_5195-1280x853.jpg 1280w\" sizes=\"(max-width: 5616px) 100vw, 5616px\" \/><\/p>\n<p>BANDERA BLAVA A ALTAFULLA.<br \/>\nLa platja de fina sorra daurada del municipi del Baix Gai\u00e0 ha obtingut un any m\u00e9s aquesta distinci\u00f3, que atorguen ADEAC i la Fundaci\u00f3 d\u2019Educaci\u00f3 Ambiental a les platges que superen els ex\u00e0mens d&#8217;un seguit de condicions, com el respecte a l&#8217;entorn o la recollida selectiva.<br \/>\nIntegrades a la perfecci\u00f3, les compactadores de llaunes Damm Lemon ens permeten participar activament del proc\u00e9s de reciclatge de l&#8217;alumini. L&#8217;objectiu estrat\u00e8gic d&#8217; <a href=\"https:\/\/www.estrelladamm.com\/ca\/sostenibilitat\">Estrella Damm<\/a> \u00e9s concienciar sobre la import\u00e0ncia de reciclar les llaunes que consumim.<br \/>\nA que no pots aixafar nom\u00e9s una!<\/p>\n<p>Milions de llaunes reciclades!\u00a0Milions de gr\u00e0cies!<\/p>\n<p>Redueix, Reutilitza, i com a \u00faltima opci\u00f3, Recicla.<\/p>\n","protected":false},"excerpt":{"rendered":"<p>BANDERA BLAVA A ALTAFULLA. La platja de fina sorra daurada del municipi del Baix Gai\u00e0 ha obtingut un any m\u00e9s aquesta distinci\u00f3, que atorguen ADEAC i la Fundaci\u00f3 d\u2019Educaci\u00f3 Ambiental a les platges que superen [&hellip;]<\/p>\n","protected":false},"author":3,"featured_media":4629,"comment_status":"closed","ping_status":"closed","sticky":false,"template":"","format":"standard","meta":[],"categories":[31],"tags":[],"_links":{"self":[{"href":"https:\/\/www.blipvert.es\/en\/wp-json\/wp\/v2\/posts\/4628"}],"collection":[{"href":"https:\/\/www.blipvert.es\/en\/wp-json\/wp\/v2\/posts"}],"about":[{"href":"https:\/\/www.blipvert.es\/en\/wp-json\/wp\/v2\/types\/post"}],"author":[{"embeddable":true,"href":"https:\/\/www.blipvert.es\/en\/wp-json\/wp\/v2\/users\/3"}],"replies":[{"embeddable":true,"href":"https:\/\/www.blipvert.es\/en\/wp-json\/wp\/v2\/comments?post=4628"}],"version-history":[{"count":6,"href":"https:\/\/www.blipvert.es\/en\/wp-json\/wp\/v2\/posts\/4628\/revisions"}],"predecessor-version":[{"id":16184,"href":"https:\/\/www.blipvert.es\/en\/wp-json\/wp\/v2\/posts\/4628\/revisions\/16184"}],"wp:featuredmedia":[{"embeddable":true,"href":"https:\/\/www.blipvert.es\/en\/wp-json\/wp\/v2\/media\/4629"}],"wp:attachment":[{"href":"https:\/\/www.blipvert.es\/en\/wp-json\/wp\/v2\/media?parent=4628"}],"wp:term":[{"taxonomy":"category","embeddable":true,"href":"https:\/\/www.blipvert.es\/en\/wp-json\/wp\/v2\/categories?post=4628"},{"taxonomy":"post_tag","embeddable":true,"href":"https:\/\/www.blipvert.es\/en\/wp-json\/wp\/v2\/tags?post=4628"}],"curies":[{"name":"wp","href":"https:\/\/api.w.org\/{rel}","templated":true}]}}