{"id":5381,"date":"2019-07-08T12:06:22","date_gmt":"2019-07-08T10:06:22","guid":{"rendered":"https:\/\/www.blipvert.es\/?p=5381"},"modified":"2020-01-23T18:10:33","modified_gmt":"2020-01-23T16:10:33","slug":"mobilna-stacja-przyjmie-zarowki-gemini-park-tarnow-poland","status":"publish","type":"post","link":"https:\/\/www.blipvert.es\/en\/mobilna-stacja-przyjmie-zarowki-gemini-park-tarnow-poland\/","title":{"rendered":"MOBILNA STACJA PRZYJMIE \u017bAR\u00d3WKI Gemini Park Tarn\u00f3w (Poland)"},"content":{"rendered":"<header class=\"attribute-header\"><\/header>\n<div class=\"attribute-intro\">\n<div class=\"col-xs-12\">\n<div class=\"ezrichtext-field\">\n<p>&nbsp;<\/p>\n<p>Dzi\u0119ki tarnowskiej Miejskiej Stacji Recyklingu mo\u017cna legalnie i\u00a0nie szkodz\u0105c przyrodzie pozby\u0107 si\u0119 mi\u0119dzy innymi zu\u017cytych \u017car\u00f3wek, \u015bwietl\u00f3wek, baterii, toner\u00f3w czy telefon\u00f3w. Stacja stoi przy g\u0142\u00f3wnym wej\u015bciu do galerii handlowej Gemini Park Tarn\u00f3w. W\u00a0najbli\u017cszych dniach kolejna zostanie ustawiona prawdopodobnie obok siedziby Stowarzyszenia Siemacha. To pomys\u0142 Przedsi\u0119biorstwa Us\u0142ug Komunalnych na u\u0142atwienie mieszka\u0144com wyrzucania k\u0142opotliwych odpad\u00f3w.<\/p>\n<\/div>\n<\/div>\n<\/div>\n<div class=\"attribute-image\">\n<figure class=\"ezimage-field\"><img src=\"https:\/\/www.tarnow.pl\/var\/ezwebin_site\/storage\/images\/_aliases\/widen_900_filter\/8\/4\/2\/9\/1279248-2-pol-PL\/AG1.jpg\" alt=\"\" width=\"auto \" height=\"auto \" \/><\/figure>\n<\/div>\n<div class=\"attribute-body\">\n<div class=\"col-xs-12\">\n<div class=\"ezrichtext-field\">\n<p>Miejskie Stacje Recyklingu, czyli terenowe punkty selektywnej zbi\u00f3rki odpad\u00f3w zosta\u0142y kupione przez Przedsi\u0119biorstwo Us\u0142ug Komunalnych w\u00a0Tarnowie. To pierwsze takie instalacje w\u00a0regionie. &#8211; <em>Umie\u015bcili\u015bmy stacj<\/em><em>\u0119 <\/em><em>w miejsc<\/em><em>u<\/em><em> cz\u0119sto odwiedzany<\/em><em>m<\/em><em>, by mieszka\u0144cy mieli do ni<\/em><em>ej<\/em><em> \u0142atwy dost\u0119p, korzystali <\/em><em>z niej<\/em><em> i\u00a0tym samym mogli realizowa\u0107 sw\u00f3j podstawowy obowi\u0105zek wzgl\u0119dem \u015brodowiska, jakim jest jego ochrona <\/em><em>poprzez <\/em><em>segregacj<\/em><em>\u0119<\/em><em> odpad\u00f3w. Chcemy przy tym przybli\u017cy\u0107 tarnowianom zagadnienia problematyki \u015brodowiskowej<\/em> \u2013 podkre\u015bla Tomasz Gut, prezes PUK.<\/p>\n<p>Dzi\u0119ki stacjom tarnowianie mog\u0105 w\u00a0prosty spos\u00f3b pozby\u0107 si\u0119 posegregowanych elektroodpad\u00f3w u\u017cywanych na co dzie\u0144 w\u00a0gospodarstwach domowych. W\u00a0szczeg\u00f3lno\u015bci do MSR mog\u0105 trafia\u0107: \u017car\u00f3wki, \u015bwietl\u00f3wki, elementy wymienialne urz\u0105dze\u0144 elektrycznych i\u00a0elektronicznych, p\u0142yt CD\/DVD, baterie, kasety VHS, tonery, drobna elektronika, taka jak kalkulatory, piloty, telefony, \u0142adowarki oraz inne drobne urz\u0105dzenia i\u00a0ich cz\u0119\u015bci. G\u0142\u00f3wnym zadaniem MSR jest bowiem u\u0142atwienie mieszka\u0144com Tarnowa prawid\u0142owego pozbycia si\u0119 elektroodpad\u00f3w oraz edukacja w\u00a0zakresie ochrony \u015brodowiska. \u2013 <em>Opr\u00f3cz funkcji praktycznej, r\u00f3wnie wa\u017cna jest funkcja edukacyjna stacji, sygnalizuj\u0105ca problem elektroodpad\u00f3w, w\u00a0tym konieczno\u015bci ich osobnej segregacji<\/em> \u2013 wyja\u015bnia prezes Tomasz Gut.<\/p>\n<p>MSR s\u0105 mobilne i\u00a0mo\u017cna zmienia\u0107 ich po\u0142o\u017cenie. Mog\u0105 sta\u0107 zar\u00f3wno wewn\u0105trz dowolnego budynku, jak i\u00a0na zewn\u0105trz. Mo\u017cna je wkomponowa\u0107 na przyk\u0142ad w\u00a0wiat\u0119 przystankow\u0105 lub ustawi\u0107 zupe\u0142nie samodzielnie. S\u0105 estetyczne, widoczne i\u00a0\u0142atwe w\u00a0serwisowaniu. Jedna z\u00a0nich sta\u0142a obok III LO, na parkingu przy ulicy Brodzi\u0144skiego. W\u00a0wakacje to miejsce jest jednak rzadziej odwiedzane, dlatego stacja zosta\u0142a zabrana do PUK, opr\u00f3\u017cniona, oczyszczona i\u00a0wkr\u00f3tce wr\u00f3ci do u\u017cytku mieszka\u0144c\u00f3w. Zostanie ustawiona najprawdopodobniej przy siedzibie Stowarzyszenia Siemacha. \u2013 Obserwujemy, \u017ce tarnowianie coraz ch\u0119tniej korzystaj\u0105 za stacji. Wrzuconych do nich elektroodpad\u00f3w przybywa. Chcieliby\u015bmy docelowo ustawi\u0107 nawet 20 \u2013 30 stacji, wszystko jednak zale\u017cy od finans\u00f3w &#8211; m\u00f3wi Janusz \u0141abno, dyrektor Zak\u0142adu PUK przy ulicy K\u0105pielowej.<\/p>\n<p>Zakup MSR zrealizowany zosta\u0142 w\u00a0ramach projektu pn. Systemy Punkt\u00f3w Selektywnego Zbierania Odpad\u00f3w Komunalnych w\u00a0Tarnowie, wsp\u00f3\u0142finansowego ze \u015brodk\u00f3w unijnych w\u00a0ramach dzia\u0142ania 2.2. \u201eGospodarka odpadami komunalnymi\u201d, o\u015b priorytetowa II \u201eOchrona \u015brodowiska, w\u00a0tym adaptacja do zmian klimatu\u201d, Programu Operacyjnego Infrastruktura i\u00a0\u015arodowisko 2014 &#8211; 2020.<\/p>\n<h1 class=\"title\"><span class=\"author\" style=\"font-size: 16px;\">Wydzia\u0142 Komunikacji Spo\u0142ecznej<\/span><\/h1>\n<p>Ver not\u00edcia original (See original news following this link):<\/p>\n<p><a href=\"https:\/\/www.tarnow.pl\/Dla-mieszkancow\/Aktualnosci\/Miasto\/Mobilna-stacja-przyjmie-zarowki\">https:\/\/www.tarnow.pl\/Dla-mieszkancow\/Aktualnosci\/Miasto\/Mobilna-stacja-przyjmie-zarowki<\/a><\/p>\n<\/div>\n<\/div>\n<\/div>\n","protected":false},"excerpt":{"rendered":"<p>&nbsp; Dzi\u0119ki tarnowskiej Miejskiej Stacji Recyklingu mo\u017cna legalnie i\u00a0nie szkodz\u0105c przyrodzie pozby\u0107 si\u0119 mi\u0119dzy innymi zu\u017cytych \u017car\u00f3wek, \u015bwietl\u00f3wek, baterii, toner\u00f3w czy telefon\u00f3w. Stacja stoi przy g\u0142\u00f3wnym wej\u015bciu do galerii handlowej Gemini Park Tarn\u00f3w. W\u00a0najbli\u017cszych dniach [&hellip;]<\/p>\n","protected":false},"author":3,"featured_media":5382,"comment_status":"closed","ping_status":"closed","sticky":false,"template":"","format":"standard","meta":[],"categories":[34],"tags":[],"_links":{"self":[{"href":"https:\/\/www.blipvert.es\/en\/wp-json\/wp\/v2\/posts\/5381"}],"collection":[{"href":"https:\/\/www.blipvert.es\/en\/wp-json\/wp\/v2\/posts"}],"about":[{"href":"https:\/\/www.blipvert.es\/en\/wp-json\/wp\/v2\/types\/post"}],"author":[{"embeddable":true,"href":"https:\/\/www.blipvert.es\/en\/wp-json\/wp\/v2\/users\/3"}],"replies":[{"embeddable":true,"href":"https:\/\/www.blipvert.es\/en\/wp-json\/wp\/v2\/comments?post=5381"}],"version-history":[{"count":4,"href":"https:\/\/www.blipvert.es\/en\/wp-json\/wp\/v2\/posts\/5381\/revisions"}],"predecessor-version":[{"id":5388,"href":"https:\/\/www.blipvert.es\/en\/wp-json\/wp\/v2\/posts\/5381\/revisions\/5388"}],"wp:featuredmedia":[{"embeddable":true,"href":"https:\/\/www.blipvert.es\/en\/wp-json\/wp\/v2\/media\/5382"}],"wp:attachment":[{"href":"https:\/\/www.blipvert.es\/en\/wp-json\/wp\/v2\/media?parent=5381"}],"wp:term":[{"taxonomy":"category","embeddable":true,"href":"https:\/\/www.blipvert.es\/en\/wp-json\/wp\/v2\/categories?post=5381"},{"taxonomy":"post_tag","embeddable":true,"href":"https:\/\/www.blipvert.es\/en\/wp-json\/wp\/v2\/tags?post=5381"}],"curies":[{"name":"wp","href":"https:\/\/api.w.org\/{rel}","templated":true}]}}