{"id":5408,"date":"2019-11-10T13:25:57","date_gmt":"2019-11-10T11:25:57","guid":{"rendered":"https:\/\/www.blipvert.es\/?p=5408"},"modified":"2020-01-23T18:08:26","modified_gmt":"2020-01-23T16:08:26","slug":"miejska-stacja-recyklingowa-w-tarnowie","status":"publish","type":"post","link":"https:\/\/www.blipvert.es\/en\/miejska-stacja-recyklingowa-w-tarnowie\/","title":{"rendered":"Miejska Stacja Recyklingowa w Tarnowie!"},"content":{"rendered":"<p>Brawo <a class=\"_2qJYG blog-link-hashtag-color _3sz0l\" href=\"https:\/\/www.facebook.com\/pages\/Tarn%C3%B3w\/112165895463342?__tn__=K-R&amp;eid=ARARhqYc4x-FERZXhaGi2vURUFbqFlNkbsgftrDoO4icAT5q4G3q5ztJ1mnXFgAt2yN-j5Bwa62oiygF&amp;fref=mentions&amp;__xts__%5B0%5D=68.ARA4CqluqLVj8sqlB5mF_pdd-V5Y-9VOS9ER5A4ToCiVImCYgENVfpUca2FW3e8B-yqDkvWP44UMWiXQXbI01VuRmIrlmxz484_cp2PqCcNeb-fcYaSCwJR8zhEjO9tQipGR2oGyQbyjpJ5ZY4DACLLPBoVYe2bKMk2XdeDvyudIBdTDvjHPlT12IZacGzN0aQhNfVyC0BYwvLnnyNea73ysojUGuZQy-epBVlu9yQrQVkCwny6PWr8-jbvaUC44Ii8r4YZ4S6Pqtu6tV-anOEaee3xpBNMz7WMHlZMloIXYGEjx4VNiGPlSmWX9tvvrIdnR4EkNx-d899-lJUiwlHQFxbRXJ-1Io5MFkqxp2tLZqtDMpe-H1Wyv_v2s2wsXY50to4ATP15yip8tX67mqJJ_s-4n6inBD_u01LcJezxo\" target=\"_top\" rel=\"noopener\"><u class=\"sDZYg\">Tarn\u00f3w<\/u><\/a> !!! \ud83d\udc4f\u267b\ufe0f\ud83c\udf0d<\/p>\n<div class=\"_3uWjK\" data-hook=\"post-description\">\n<article class=\"blog-post-page-font\">\n<div class=\"post-content__body\">\n<div class=\"_2FZkM\">\n<div class=\"kcuBq xGuFA blog-post-page-font TCKPQ uatYj _1Ss7I\" dir=\"ltr\">\n<div class=\"kaqlz _1PiV3 blog-post-page-font css-1gg0bst\">\n<p class=\"XzvDs _208Ie _2Dym_ blog-post-text-font blog-post-text-color _2QAo- _25MYV _2R0Lu _2Dym_\">Dzi\u0119ki tarnowskiemu PUK dzisiaj skorzystali\u015bmy z TERENOWEGO PUNKTU DO SELEKTYWNEJ ZBI\u00d3RKI ODPAD\u00d3W, tzw. Miejskiej Stacji Recyklingowej przy g\u0142\u00f3wnym wej\u015bciu do galerii Gemini Park Tarn\u00f3w! \ud83d\udeae To pierwsza tego typu instalacja w regionie. \u2705<\/p>\n<p class=\"XzvDs _208Ie _2Dym_ blog-post-text-font blog-post-text-color _2QAo- _25MYV _2R0Lu _2Dym_\"><img class=\"_1Fjtc _2lDdg\" src=\"https:\/\/static.wixstatic.com\/media\/15b61b_f104e748bde24201a500b445fc2f56e8~mv2_d_2587_2929_s_4_2.jpg\/v1\/fill\/w_1480,h_1676,al_c,q_90,usm_0.66_1.00_0.01\/15b61b_f104e748bde24201a500b445fc2f56e8~mv2_d_2587_2929_s_4_2.jpg\" data-pin-url=\"https:\/\/www.kaczaparaeko.com\/post\/miejska-stacja-recyklingowa-w-tarnowie\" data-pin-media=\"https:\/\/static.wixstatic.com\/media\/15b61b_f104e748bde24201a500b445fc2f56e8~mv2_d_2587_2929_s_4_2.jpg\/v1\/fit\/w_2587,h_2929,al_c,q_80\/file.png\" \/><\/p>\n<div class=\"q2uC4 _2vlB-\">\n<div class=\"_2CvYQ c-Mgr _1K2V0 _1K2V0 _1hD8w\">\n<div class=\"_1Lhwj image-container\" data-hook=\"imageViewer\">\n<div class=\"\">Jak m\u00f3wi prezes PUK Tomasz Gut: &#8220;Opr\u00f3cz funkcji praktycznej, r\u00f3wnie wa\u017cna jest funkcja edukacyjna stacji, sygnalizuj\u0105ca problem elektroodpad\u00f3w, w tym konieczno\u015bci ich osobnej segregacji.&#8221; \u2757\ufe0f\ud83c\udd97<\/div>\n<\/div>\n<\/div>\n<\/div>\n<p class=\"XzvDs _208Ie _2Dym_ blog-post-text-font blog-post-text-color _2QAo- _25MYV _2R0Lu _2Dym_\">Do MSR mog\u0105 trafia\u0107: \u017car\u00f3wki, \u015bwietl\u00f3wki, elementy wymienialne urz\u0105dze\u0144 elektrycznych i elektronicznych, p\u0142yt CD\/DVD, baterie, kasety VHS, tonery, drobna elektronika (kalkulatory, piloty, telefony, \u0142adowarki), inne drobne urz\u0105dzenia i ich cz\u0119\u015bci. \ud83d\udcc0\ud83d\udd0b\ud83d\udca1\u267b\ufe0f<\/p>\n<p class=\"XzvDs _208Ie _2Dym_ blog-post-text-font blog-post-text-color _2QAo- _25MYV _2R0Lu _2Dym_\">\u27a1\ufe0fWi\u0119cej informacji na stronie Przedsi\u0119biorstwa Us\u0142ug Komunalnych sp. z o.o. w Tarnowie: <a class=\"_2qJYG blog-link-hashtag-color _3sz0l\" href=\"https:\/\/www.puk.tarnow.pl\/?fbclid=IwAR01YFRGwffU0rtYsHAHTQvF-Ie2nGjzQrMmGLUhJ8mb4E_Qe1VQVrFWHlw\" target=\"_blank\" rel=\"noopener nofollow\"><u class=\"sDZYg\">https:\/\/www.puk.tarnow.pl\/<\/u><\/a><\/p>\n<p class=\"XzvDs _208Ie _2Dym_ blog-post-text-font blog-post-text-color _2QAo- _25MYV _2R0Lu _2Dym_\"><a class=\"_1fYLo blog-link-hashtag-color _2_YgZ _2N2cN\" href=\"https:\/\/www.kaczaparaeko.com\/blog\/search\/.hash.kaczapara\" target=\"_self\">#kaczapara<\/a> <a class=\"_1fYLo blog-link-hashtag-color _2_YgZ _2N2cN\" href=\"https:\/\/www.kaczaparaeko.com\/blog\/search\/.hash.eko\" target=\"_self\">#eko<\/a> \ud83e\udd86\ud83e\udd86<\/p>\n<\/div>\n<\/div>\n<\/div>\n<\/div>\n<\/article>\n<\/div>\n","protected":false},"excerpt":{"rendered":"<p>Brawo Tarn\u00f3w !!! \ud83d\udc4f\u267b\ufe0f\ud83c\udf0d Dzi\u0119ki tarnowskiemu PUK dzisiaj skorzystali\u015bmy z TERENOWEGO PUNKTU DO SELEKTYWNEJ ZBI\u00d3RKI ODPAD\u00d3W, tzw. Miejskiej Stacji Recyklingowej przy g\u0142\u00f3wnym wej\u015bciu do galerii Gemini Park Tarn\u00f3w! \ud83d\udeae To pierwsza tego typu instalacja w [&hellip;]<\/p>\n","protected":false},"author":3,"featured_media":5409,"comment_status":"closed","ping_status":"closed","sticky":false,"template":"","format":"standard","meta":[],"categories":[34],"tags":[],"_links":{"self":[{"href":"https:\/\/www.blipvert.es\/en\/wp-json\/wp\/v2\/posts\/5408"}],"collection":[{"href":"https:\/\/www.blipvert.es\/en\/wp-json\/wp\/v2\/posts"}],"about":[{"href":"https:\/\/www.blipvert.es\/en\/wp-json\/wp\/v2\/types\/post"}],"author":[{"embeddable":true,"href":"https:\/\/www.blipvert.es\/en\/wp-json\/wp\/v2\/users\/3"}],"replies":[{"embeddable":true,"href":"https:\/\/www.blipvert.es\/en\/wp-json\/wp\/v2\/comments?post=5408"}],"version-history":[{"count":1,"href":"https:\/\/www.blipvert.es\/en\/wp-json\/wp\/v2\/posts\/5408\/revisions"}],"predecessor-version":[{"id":5412,"href":"https:\/\/www.blipvert.es\/en\/wp-json\/wp\/v2\/posts\/5408\/revisions\/5412"}],"wp:featuredmedia":[{"embeddable":true,"href":"https:\/\/www.blipvert.es\/en\/wp-json\/wp\/v2\/media\/5409"}],"wp:attachment":[{"href":"https:\/\/www.blipvert.es\/en\/wp-json\/wp\/v2\/media?parent=5408"}],"wp:term":[{"taxonomy":"category","embeddable":true,"href":"https:\/\/www.blipvert.es\/en\/wp-json\/wp\/v2\/categories?post=5408"},{"taxonomy":"post_tag","embeddable":true,"href":"https:\/\/www.blipvert.es\/en\/wp-json\/wp\/v2\/tags?post=5408"}],"curies":[{"name":"wp","href":"https:\/\/api.w.org\/{rel}","templated":true}]}}