{"id":6350,"date":"2018-07-01T21:17:52","date_gmt":"2018-07-01T19:17:52","guid":{"rendered":"https:\/\/www.blipvert.es\/?p=6350"},"modified":"2020-02-21T21:25:53","modified_gmt":"2020-02-21T19:25:53","slug":"la-alameda-ordense-el-campo-da-feira-y-meson-do-vento-estrenan-mini-puntos-limpios","status":"publish","type":"post","link":"https:\/\/www.blipvert.es\/en\/la-alameda-ordense-el-campo-da-feira-y-meson-do-vento-estrenan-mini-puntos-limpios\/","title":{"rendered":"LA ALAMEDA ORDENSE, EL CAMPO DA FEIRA Y MES\u00d3N DO VENTO ESTRENAN MINI PUNTOS LIMPIOS"},"content":{"rendered":"<h2 style=\"text-align: center;\">Se podr\u00e1n tirar desde pilas hasta tel\u00e9fonos m\u00f3viles, ced\u00e9s y deuved\u00e9s<\/h2>\n<p><img class=\"aligncenter wp-image-6351 size-full\" src=\"https:\/\/www.blipvert.es\/wp-content\/uploads\/1889405-1.jpeg\" alt=\"\" width=\"900\" height=\"595\" srcset=\"https:\/\/www.blipvert.es\/wp-content\/uploads\/1889405-1.jpeg 900w, https:\/\/www.blipvert.es\/wp-content\/uploads\/1889405-1-150x99.jpeg 150w, https:\/\/www.blipvert.es\/wp-content\/uploads\/1889405-1-300x198.jpeg 300w, https:\/\/www.blipvert.es\/wp-content\/uploads\/1889405-1-768x508.jpeg 768w\" sizes=\"(max-width: 900px) 100vw, 900px\" \/><\/p>\n<p>Los vecinos del \u00e1rea urbana de Ordes y de Mes\u00f3n do Vento disponen desde el jueves de peque\u00f1os puntos limpios en los que pueden depositar pilas (convencionales, alcalinas, de bolsillo y de bot\u00f3n), tel\u00e9fonos m\u00f3viles y bater\u00edas, ced\u00e9s y deuved\u00e9s, cartuchos de impresoras de inyecci\u00f3n, l\u00e1mparas de bajo consumo y residuos el\u00e9ctricos o electr\u00f3nicos.<\/p>\n<p>Estas estructuras se reparten por la Alameda do Soldado Lois, en el Campo da Feira del centro urbano y tambi\u00e9n en el Campo da Feira de Mes\u00f3n do Vento. El Concello opt\u00f3 por estos enclaves porque son zonas de elevado tr\u00e1nsito de peatones, una circunstancia que contribuir\u00e1 a que estos contenedores especiales tengan m\u00e1s uso. Los mini puntos limpios tienen un hueco especial con dep\u00f3sitos independientes diferenciados por colores.<\/p>\n<p>Fuente: La Voz de Galicia.<\/p>\n<p><a href=\"https:\/\/www.google.com\/amp\/s\/www.lavozdegalicia.es\/amp\/noticia\/santiago\/santiago\/2018\/07\/01\/alameda-ordense-campo-da-feira-meson-do-vento-estrenan-mini-puntos-limpios\/0003_201807S1C6992.htm\">https:\/\/www.google.com\/amp\/s\/www.lavozdegalicia.es\/amp\/noticia\/santiago\/santiago\/2018\/07\/01\/alameda-ordense-campo-da-feira-meson-do-vento-estrenan-mini-puntos-limpios\/0003_201807S1C6992.htm<\/a><\/p>\n","protected":false},"excerpt":{"rendered":"<p>Se podr\u00e1n tirar desde pilas hasta tel\u00e9fonos m\u00f3viles, ced\u00e9s y deuved\u00e9s Los vecinos del \u00e1rea urbana de Ordes y de Mes\u00f3n do Vento disponen desde el jueves de peque\u00f1os puntos limpios en los que pueden [&hellip;]<\/p>\n","protected":false},"author":3,"featured_media":6356,"comment_status":"closed","ping_status":"closed","sticky":false,"template":"","format":"standard","meta":[],"categories":[61],"tags":[],"_links":{"self":[{"href":"https:\/\/www.blipvert.es\/en\/wp-json\/wp\/v2\/posts\/6350"}],"collection":[{"href":"https:\/\/www.blipvert.es\/en\/wp-json\/wp\/v2\/posts"}],"about":[{"href":"https:\/\/www.blipvert.es\/en\/wp-json\/wp\/v2\/types\/post"}],"author":[{"embeddable":true,"href":"https:\/\/www.blipvert.es\/en\/wp-json\/wp\/v2\/users\/3"}],"replies":[{"embeddable":true,"href":"https:\/\/www.blipvert.es\/en\/wp-json\/wp\/v2\/comments?post=6350"}],"version-history":[{"count":2,"href":"https:\/\/www.blipvert.es\/en\/wp-json\/wp\/v2\/posts\/6350\/revisions"}],"predecessor-version":[{"id":6355,"href":"https:\/\/www.blipvert.es\/en\/wp-json\/wp\/v2\/posts\/6350\/revisions\/6355"}],"wp:featuredmedia":[{"embeddable":true,"href":"https:\/\/www.blipvert.es\/en\/wp-json\/wp\/v2\/media\/6356"}],"wp:attachment":[{"href":"https:\/\/www.blipvert.es\/en\/wp-json\/wp\/v2\/media?parent=6350"}],"wp:term":[{"taxonomy":"category","embeddable":true,"href":"https:\/\/www.blipvert.es\/en\/wp-json\/wp\/v2\/categories?post=6350"},{"taxonomy":"post_tag","embeddable":true,"href":"https:\/\/www.blipvert.es\/en\/wp-json\/wp\/v2\/tags?post=6350"}],"curies":[{"name":"wp","href":"https:\/\/api.w.org\/{rel}","templated":true}]}}