{"id":749,"date":"2008-04-01T20:38:03","date_gmt":"2008-04-01T18:38:03","guid":{"rendered":"https:\/\/www.blipvert.es\/?p=749"},"modified":"2020-01-23T18:39:02","modified_gmt":"2020-01-23T16:39:02","slug":"poio","status":"publish","type":"post","link":"https:\/\/www.blipvert.es\/en\/poio\/","title":{"rendered":"Poio (Pontevedra) dispondr\u00e1 de MINIPUNTOS LIMPOS para la recogida de residuos especiales"},"content":{"rendered":"<p>En breve\u00a0el Ayuntamiento\u00a0de Poio\u00a0ubicar\u00e1 \u00abun novo modelo de colectores para a recollida selectiva de residuos especiais, tales como pilas, discos compactos e DVD&#8217;s, tel\u00e9fonos m\u00f3biles, cartuchos de impresora&#8230;\u00bb. Los dep\u00f3sitos estar\u00e1n estrat\u00e9gicamente\u00a0distribuidos por las zonas urbanas del municipio. Para facilitar su uso, est\u00e1 previsto que cada una de las bocas del dep\u00f3sito lleve impresa una imagen sobre un producto en concreto, as\u00ed como se explica \u00abo tratamento que reciben estos residuos\u00bb.<\/p>\n<p>Para evitar que los contenedores se colapsen por el uso, el Concello de Poio ha previsto \u00abrealizar un mantemento semanal <strong>dos minipuntos limpos<\/strong> por parte da empresa instaladora\u00bb. La intenci\u00f3n del Concello de Poio pasa porque, una vez se oficialice y se lleve a cabo la adjudicaci\u00f3n de su instalaci\u00f3n, los dep\u00f3sitos est\u00e9n completamente operativos en el plazo m\u00e1ximo de unas semanas.<\/p>\n<p>vea la noticia completa en<\/p>\n<p><a href=\"http:\/\/www.lavozdegalicia.es\/pontevedra\/2008\/04\/01\/0003_6694609.htm\">http:\/\/www.lavozdegalicia.es\/pontevedra\/2008\/04\/01\/0003_6694609.htm<\/a><\/p>\n<p><a href=\"https:\/\/www.lavozdegalicia.es\/noticia\/pontevedra\/2008\/04\/01\/poio-dispondra-colectores-recogida-residuos-especiales\/0003_6694609.htm\">https:\/\/www.lavozdegalicia.es\/noticia\/pontevedra\/2008\/04\/01\/poio-dispondra-colectores-recogida-residuos-especiales\/0003_6694609.htm<\/a><\/p>\n<p>&nbsp;<\/p>\n<p><img class=\"wp-image-751 aligncenter\" src=\"https:\/\/www.blipvert.es\/wp-content\/uploads\/phpThumb_generated_thumbnail-1-1-300x225.jpg\" alt=\"\" width=\"351\" height=\"263\" srcset=\"https:\/\/www.blipvert.es\/wp-content\/uploads\/phpThumb_generated_thumbnail-1-1-300x225.jpg 300w, https:\/\/www.blipvert.es\/wp-content\/uploads\/phpThumb_generated_thumbnail-1-1-150x112.jpg 150w, https:\/\/www.blipvert.es\/wp-content\/uploads\/phpThumb_generated_thumbnail-1-1.jpg 550w\" sizes=\"(max-width: 351px) 100vw, 351px\" \/><\/p>\n","protected":false},"excerpt":{"rendered":"<p>En breve\u00a0el Ayuntamiento\u00a0de Poio\u00a0ubicar\u00e1 \u00abun novo modelo de colectores para a recollida selectiva de residuos especiais, tales como pilas, discos compactos e DVD&#8217;s, tel\u00e9fonos m\u00f3biles, cartuchos de impresora&#8230;\u00bb. Los dep\u00f3sitos estar\u00e1n estrat\u00e9gicamente\u00a0distribuidos por las zonas [&hellip;]<\/p>\n","protected":false},"author":3,"featured_media":751,"comment_status":"closed","ping_status":"closed","sticky":false,"template":"","format":"standard","meta":[],"categories":[61],"tags":[],"_links":{"self":[{"href":"https:\/\/www.blipvert.es\/en\/wp-json\/wp\/v2\/posts\/749"}],"collection":[{"href":"https:\/\/www.blipvert.es\/en\/wp-json\/wp\/v2\/posts"}],"about":[{"href":"https:\/\/www.blipvert.es\/en\/wp-json\/wp\/v2\/types\/post"}],"author":[{"embeddable":true,"href":"https:\/\/www.blipvert.es\/en\/wp-json\/wp\/v2\/users\/3"}],"replies":[{"embeddable":true,"href":"https:\/\/www.blipvert.es\/en\/wp-json\/wp\/v2\/comments?post=749"}],"version-history":[{"count":3,"href":"https:\/\/www.blipvert.es\/en\/wp-json\/wp\/v2\/posts\/749\/revisions"}],"predecessor-version":[{"id":754,"href":"https:\/\/www.blipvert.es\/en\/wp-json\/wp\/v2\/posts\/749\/revisions\/754"}],"wp:featuredmedia":[{"embeddable":true,"href":"https:\/\/www.blipvert.es\/en\/wp-json\/wp\/v2\/media\/751"}],"wp:attachment":[{"href":"https:\/\/www.blipvert.es\/en\/wp-json\/wp\/v2\/media?parent=749"}],"wp:term":[{"taxonomy":"category","embeddable":true,"href":"https:\/\/www.blipvert.es\/en\/wp-json\/wp\/v2\/categories?post=749"},{"taxonomy":"post_tag","embeddable":true,"href":"https:\/\/www.blipvert.es\/en\/wp-json\/wp\/v2\/tags?post=749"}],"curies":[{"name":"wp","href":"https:\/\/api.w.org\/{rel}","templated":true}]}}