{"id":7499,"date":"2020-07-28T13:38:19","date_gmt":"2020-07-28T11:38:19","guid":{"rendered":"https:\/\/www.blipvert.es\/?p=7499"},"modified":"2020-07-29T14:27:41","modified_gmt":"2020-07-29T12:27:41","slug":"callus-bages-ja-disposa-del-nou-servei-integral-de-minideixalleria-pel-reciclatge-petits-residus","status":"publish","type":"post","link":"https:\/\/www.blipvert.es\/en\/callus-bages-ja-disposa-del-nou-servei-integral-de-minideixalleria-pel-reciclatge-petits-residus\/","title":{"rendered":"CALL\u00daS (BAGES) JA DISPOSA DEL NOU SERVEI INTEGRAL DE MINIDEIXALLERIA PEL RECICLATGE PETITS RESIDUS"},"content":{"rendered":"<p><img class=\"aligncenter wp-image-7501 size-full\" src=\"https:\/\/www.blipvert.es\/wp-content\/uploads\/IMG-20200714-WA0004.jpg\" alt=\"\" width=\"2048\" height=\"1536\" srcset=\"https:\/\/www.blipvert.es\/wp-content\/uploads\/IMG-20200714-WA0004.jpg 2048w, https:\/\/www.blipvert.es\/wp-content\/uploads\/IMG-20200714-WA0004-150x113.jpg 150w, https:\/\/www.blipvert.es\/wp-content\/uploads\/IMG-20200714-WA0004-300x225.jpg 300w, https:\/\/www.blipvert.es\/wp-content\/uploads\/IMG-20200714-WA0004-768x576.jpg 768w, https:\/\/www.blipvert.es\/wp-content\/uploads\/IMG-20200714-WA0004-1280x960.jpg 1280w\" sizes=\"(max-width: 2048px) 100vw, 2048px\" \/><\/p>\n<div id=\"fb-root\"><\/div>\n<p><script async=\"1\" defer=\"1\" crossorigin=\"anonymous\" src=\"https:\/\/connect.facebook.net\/de_DE\/sdk.js#xfbml=1&amp;version=v7.0\" nonce=\"TslNFekx\"><\/script><\/p>\n<div class=\"fb-post\" data-href=\"https:\/\/www.facebook.com\/877251632349034\/posts\/4036879019719597\/\" data-width=\"500\">\n<blockquote cite=\"https:\/\/www.facebook.com\/permalink.php?story_fbid=4036879019719597&amp;id=877251632349034\" class=\"fb-xfbml-parse-ignore\">\n<p>\u267b\ufe0f Nova mini deixalleria instal\u00b7lada vora el parking del passeig Anselm Clav\u00e9! Servir\u00e0 per a renovar i reciclar petits residus com CD&#039;s, piles, bombetes, etc.<\/p>\n<p>Gepostet von <a href=\"https:\/\/www.facebook.com\/Ajuntament-de-Call&#xfa;s-877251632349034\/\">Ajuntament de Call\u00fas<\/a> am&nbsp;<a href=\"https:\/\/www.facebook.com\/permalink.php?story_fbid=4036879019719597&amp;id=877251632349034\">Mittwoch, 15. Juli 2020<\/a><\/p><\/blockquote>\n<\/div>\n","protected":false},"excerpt":{"rendered":"<p>\u267b\ufe0f Nova mini deixalleria instal\u00b7lada vora el parking del passeig Anselm Clav\u00e9! Servir\u00e0 per a renovar i reciclar petits residus com CD&#039;s, piles, bombetes, etc. Gepostet von Ajuntament de Call\u00fas am&nbsp;Mittwoch, 15. Juli 2020<\/p>\n","protected":false},"author":3,"featured_media":7501,"comment_status":"closed","ping_status":"closed","sticky":false,"template":"","format":"standard","meta":[],"categories":[31],"tags":[],"_links":{"self":[{"href":"https:\/\/www.blipvert.es\/en\/wp-json\/wp\/v2\/posts\/7499"}],"collection":[{"href":"https:\/\/www.blipvert.es\/en\/wp-json\/wp\/v2\/posts"}],"about":[{"href":"https:\/\/www.blipvert.es\/en\/wp-json\/wp\/v2\/types\/post"}],"author":[{"embeddable":true,"href":"https:\/\/www.blipvert.es\/en\/wp-json\/wp\/v2\/users\/3"}],"replies":[{"embeddable":true,"href":"https:\/\/www.blipvert.es\/en\/wp-json\/wp\/v2\/comments?post=7499"}],"version-history":[{"count":2,"href":"https:\/\/www.blipvert.es\/en\/wp-json\/wp\/v2\/posts\/7499\/revisions"}],"predecessor-version":[{"id":7505,"href":"https:\/\/www.blipvert.es\/en\/wp-json\/wp\/v2\/posts\/7499\/revisions\/7505"}],"wp:featuredmedia":[{"embeddable":true,"href":"https:\/\/www.blipvert.es\/en\/wp-json\/wp\/v2\/media\/7501"}],"wp:attachment":[{"href":"https:\/\/www.blipvert.es\/en\/wp-json\/wp\/v2\/media?parent=7499"}],"wp:term":[{"taxonomy":"category","embeddable":true,"href":"https:\/\/www.blipvert.es\/en\/wp-json\/wp\/v2\/categories?post=7499"},{"taxonomy":"post_tag","embeddable":true,"href":"https:\/\/www.blipvert.es\/en\/wp-json\/wp\/v2\/tags?post=7499"}],"curies":[{"name":"wp","href":"https:\/\/api.w.org\/{rel}","templated":true}]}}