{"id":7512,"date":"2020-07-29T14:09:04","date_gmt":"2020-07-29T12:09:04","guid":{"rendered":"https:\/\/www.blipvert.es\/?p=7512"},"modified":"2020-08-01T13:10:30","modified_gmt":"2020-08-01T11:10:30","slug":"roses-alt-emporda-incorpora-10-minideixalleries-repartides-pel-terme-municipal","status":"publish","type":"post","link":"https:\/\/www.blipvert.es\/en\/roses-alt-emporda-incorpora-10-minideixalleries-repartides-pel-terme-municipal\/","title":{"rendered":"ROSES (ALT EMPORD\u00c0) INCORPORA 10 MINIDEIXALLERIES REPARTIDES PEL TERME MUNICIPAL"},"content":{"rendered":"<h2 style=\"text-align: center;\">A partir d&#8217;avui, els ve\u00efns poden dipositar residus de petit format sense haver d&#8217;anar a la deixalleria.<\/h2>\n<p>&nbsp;<\/p>\n<p><img class=\"kalooga_14164\" title=\"Els punts de recollida han estat distribu\u00efts estrat\u00e8gicament.\" src=\"https:\/\/fotos00.emporda.info\/2020\/07\/29\/1024x341\/minideixalleria-riera-ginjolers.jpg\" alt=\"Els punts de recollida han estat distribu\u00efts estrat\u00e8gicament.\" align=\"right\" border=\"0\" \/><\/p>\n<p style=\"text-align: center;\"><em><span class=\"pie_foto\">Els punts de recollida han estat distribu\u00efts estrat\u00e8gicament per Roses.<\/span><\/em><\/p>\n<div class=\"cuerpo_noticia\">\n<div class=\"cuadro_multimedia\">\n<div class=\"foto_desa\">\n<div style=\"text-align: left;\">A partir d&#8217;avui, els ve\u00efns i ve\u00efnes de <strong>Roses <\/strong>disposen de <strong>10 <a href=\"https:\/\/www.blipvert.es\/minideixalleria\/\">minideixalleries<\/a> distribu\u00efdes al llarg del nucli i urbanitzacions <\/strong>del terme municipal, on <strong>poden dipositar residus s\u00f2lids de petit format i consumibles dom\u00e8stics<\/strong>, sense necessitat de traslladar-se a les instal\u00b7lacions de la deixalleria situada a la carretera de les Arenes.<\/div>\n<\/div>\n<\/div>\n<\/div>\n<div class=\"cuerpo_noticia\">\n<p style=\"text-align: left;\">La instal\u00b7laci\u00f3 dels 10 punts urbans de recollida es va iniciar ahir dimarts, i finalitzar\u00e0 avui mateix, oferint aix\u00ed un<strong> nou servei de suport al reciclatge de petits materials<\/strong>, que resulti m\u00e9s c\u00f2mode i proper a la ciutadania. Les estacions de recollida, de petites dimensions, permeten el dip\u00f2sit dels <strong>seg\u00fcents materials<\/strong>: piles, bateries de m\u00f2bil, CD-DVD, tel\u00e8fons m\u00f2bils, cartutxos d&#8217;impressora i bombetes, tant de baix consum con convencionals i hal\u00f2gens.<\/p>\n<p>El cost, tant de la instal\u00b7laci\u00f3 com del manteniment i gesti\u00f3 de les 10 miniestacions, anir\u00e0 a c\u00e0rrec de <strong>FCC<\/strong>, concession\u00e0ria del servei de neteja al municipi, d&#8217;acord al contracte signat amb l&#8217;<a href=\"https:\/\/www.emporda.info\/tags\/ajuntament-de-roses.html\" target=\"_blank\" rel=\"noopener\">Ajuntament de Roses<\/a>. L&#8217;empresa s&#8217;encarregar\u00e0 tamb\u00e9 del transport de les fraccions recollides fins a la deixalleria municipal per al seu tractament i reciclatge.<\/p>\n<p>Els punts de recollida han estat<strong> distribu\u00efts estrat\u00e8gicament <\/strong>per donar servei a les diferents \u00e0rees i urbanitzacions del municipi on es concentra el major nombre de poblaci\u00f3 al llarg de tot l&#8217;any. Les seves <strong>ubicacions exactes <\/strong>s\u00f3n les seg\u00fcents:<\/p>\n<ul>\n<li>Nucli de la vila: pla\u00e7a Pep Ventura \u2013 Riera Ginjolers amb carrer Puig Rom \u2013 Estaci\u00f3 bus amb gran via Pau Casals &#8211; pla\u00e7a Llevant \u2013 Jaume I amb pla\u00e7a Frederic Rahola<\/li>\n<li>Mas Oliva: carretera Mas Oliva (davant instal\u00b7lacions Tennis Roses)<\/li>\n<li>Santa Margarida: avinguda Gola Estany<\/li>\n<li>Mas Mates: pla\u00e7a de l&#8217;Alegria<\/li>\n<li>Mas Busc\u00e0: entrada de la urbanitzaci\u00f3<\/li>\n<li>Mas Fumats: entrada de la urbanitzaci\u00f3<\/li>\n<\/ul>\n<p>&nbsp;<\/p>\n<p><a href=\"https:\/\/www.blipvert.es\/minideixalleria\/\">Feu clic aqu\u00ed per saber m\u00e9s de les originals\u00a0<\/a><a href=\"https:\/\/www.blipvert.es\/minideixalleria\/\">minideixalleries blipvert recologics<\/a><\/p>\n<p>Fonts:<\/p>\n<p>Ajuntament de Roses<\/p>\n<p><a href=\"http:\/\/www.roses.cat\/noticies\/roses-incorpora-10-minideixalleries-repartides-pel-terme-municipal\">http:\/\/www.roses.cat\/noticies\/roses-incorpora-10-minideixalleries-repartides-pel-terme-municipal<\/a><\/p>\n<p>Guia de Roses<\/p>\n<\/div>\n<p><a href=\"https:\/\/guiaderoses.net\/tag\/minideixalleries-a-roses\/\">https:\/\/guiaderoses.net\/tag\/minideixalleries-a-roses\/<\/a><\/p>\n<div class=\"cuerpo_noticia\">\n<p>Emporda.info<\/p>\n<\/div>\n<p><a href=\"https:\/\/www.emporda.info\/comarca\/2020\/07\/29\/roses-incorpora-10-minideixalleries-repartides\/471449.html\">https:\/\/www.emporda.info\/comarca\/2020\/07\/29\/roses-incorpora-10-minideixalleries-repartides\/471449.html<\/a><\/p>\n","protected":false},"excerpt":{"rendered":"<p>A partir d&#8217;avui, els ve\u00efns poden dipositar residus de petit format sense haver d&#8217;anar a la deixalleria. &nbsp; Els punts de recollida han estat distribu\u00efts estrat\u00e8gicament per Roses. A partir d&#8217;avui, els ve\u00efns i ve\u00efnes [&hellip;]<\/p>\n","protected":false},"author":3,"featured_media":7513,"comment_status":"closed","ping_status":"closed","sticky":false,"template":"","format":"standard","meta":[],"categories":[31],"tags":[],"_links":{"self":[{"href":"https:\/\/www.blipvert.es\/en\/wp-json\/wp\/v2\/posts\/7512"}],"collection":[{"href":"https:\/\/www.blipvert.es\/en\/wp-json\/wp\/v2\/posts"}],"about":[{"href":"https:\/\/www.blipvert.es\/en\/wp-json\/wp\/v2\/types\/post"}],"author":[{"embeddable":true,"href":"https:\/\/www.blipvert.es\/en\/wp-json\/wp\/v2\/users\/3"}],"replies":[{"embeddable":true,"href":"https:\/\/www.blipvert.es\/en\/wp-json\/wp\/v2\/comments?post=7512"}],"version-history":[{"count":14,"href":"https:\/\/www.blipvert.es\/en\/wp-json\/wp\/v2\/posts\/7512\/revisions"}],"predecessor-version":[{"id":7535,"href":"https:\/\/www.blipvert.es\/en\/wp-json\/wp\/v2\/posts\/7512\/revisions\/7535"}],"wp:featuredmedia":[{"embeddable":true,"href":"https:\/\/www.blipvert.es\/en\/wp-json\/wp\/v2\/media\/7513"}],"wp:attachment":[{"href":"https:\/\/www.blipvert.es\/en\/wp-json\/wp\/v2\/media?parent=7512"}],"wp:term":[{"taxonomy":"category","embeddable":true,"href":"https:\/\/www.blipvert.es\/en\/wp-json\/wp\/v2\/categories?post=7512"},{"taxonomy":"post_tag","embeddable":true,"href":"https:\/\/www.blipvert.es\/en\/wp-json\/wp\/v2\/tags?post=7512"}],"curies":[{"name":"wp","href":"https:\/\/api.w.org\/{rel}","templated":true}]}}