{"id":7998,"date":"2020-09-28T12:29:17","date_gmt":"2020-09-28T10:29:17","guid":{"rendered":"https:\/\/www.blipvert.es\/?p=7998"},"modified":"2020-09-28T12:30:20","modified_gmt":"2020-09-28T10:30:20","slug":"les-minideixalleries-de-granollers-celebren-enguany-el-10e-aniversari-dels-nostres-amics-del-xiprer","status":"publish","type":"post","link":"https:\/\/www.blipvert.es\/en\/les-minideixalleries-de-granollers-celebren-enguany-el-10e-aniversari-dels-nostres-amics-del-xiprer\/","title":{"rendered":"LES MINIDEIXALLERIES DE GRANOLLERS CELEBREN ENGUANY EL 10\u00e8 ANIVERSARI DELS NOSTRES AMICS DEL XIPRER"},"content":{"rendered":"<p><img class=\"aligncenter wp-image-7999 size-large\" src=\"https:\/\/www.blipvert.es\/wp-content\/uploads\/20200904_141554-1280x622.jpg\" alt=\"\" width=\"1280\" height=\"622\" srcset=\"https:\/\/www.blipvert.es\/wp-content\/uploads\/20200904_141554-1280x622.jpg 1280w, https:\/\/www.blipvert.es\/wp-content\/uploads\/20200904_141554-150x73.jpg 150w, https:\/\/www.blipvert.es\/wp-content\/uploads\/20200904_141554-300x146.jpg 300w, https:\/\/www.blipvert.es\/wp-content\/uploads\/20200904_141554-768x373.jpg 768w\" sizes=\"(max-width: 1280px) 100vw, 1280px\" \/><\/p>\n<p>Les minideixalleries del Vall\u00e8s Oriental celebren enguany el 10\u00e8 aniversari (2010-2020) dels nostres AMICS DEL XIPRER.<br \/>\nLa Fundaci\u00f3 Xiprer \u00e9s una llar per l\u2019acolliment i la dignitat de les persones m\u00e9s desfavorides de Granollers i rodalies, a les que escalfa i acompanya amb servei d&#8217;esmor\u00e7ar, dinar, dutxa, magatzem d&#8217;aliments per fam\u00edlies en greus dificultats, i fins i tot dos pisos d&#8217;acollida.<br \/>\nTot aix\u00f2 ho fa possible un excel.lent equip hum\u00e0 amb voluntaris, col\u2022laboradors, ciutadania de Granollers i comarca, i tota la gent que s\u2019hi adre\u00e7a tot cercant valors de fraternitat i just\u00edcia.<\/p>\n<p>Us encoratjem a fer-vos socis o fer qualsevol aportaci\u00f3 (per petita que sigui) a:<br \/>\n<a href=\"http:\/\/www.amicsdelxiprer.cat\/\">www.amicsdelxiprer.cat<\/a><\/p>\n<p>&#8216;De la conducta de cadasc\u00fa dep\u00e8n el dest\u00ed de tots&#8217;. Alexandre el Magne.<\/p>\n","protected":false},"excerpt":{"rendered":"<p>Les minideixalleries del Vall\u00e8s Oriental celebren enguany el 10\u00e8 aniversari (2010-2020) dels nostres AMICS DEL XIPRER. La Fundaci\u00f3 Xiprer \u00e9s una llar per l\u2019acolliment i la dignitat de les persones m\u00e9s desfavorides de Granollers i [&hellip;]<\/p>\n","protected":false},"author":3,"featured_media":7999,"comment_status":"closed","ping_status":"closed","sticky":false,"template":"","format":"standard","meta":[],"categories":[31],"tags":[],"_links":{"self":[{"href":"https:\/\/www.blipvert.es\/en\/wp-json\/wp\/v2\/posts\/7998"}],"collection":[{"href":"https:\/\/www.blipvert.es\/en\/wp-json\/wp\/v2\/posts"}],"about":[{"href":"https:\/\/www.blipvert.es\/en\/wp-json\/wp\/v2\/types\/post"}],"author":[{"embeddable":true,"href":"https:\/\/www.blipvert.es\/en\/wp-json\/wp\/v2\/users\/3"}],"replies":[{"embeddable":true,"href":"https:\/\/www.blipvert.es\/en\/wp-json\/wp\/v2\/comments?post=7998"}],"version-history":[{"count":2,"href":"https:\/\/www.blipvert.es\/en\/wp-json\/wp\/v2\/posts\/7998\/revisions"}],"predecessor-version":[{"id":8003,"href":"https:\/\/www.blipvert.es\/en\/wp-json\/wp\/v2\/posts\/7998\/revisions\/8003"}],"wp:featuredmedia":[{"embeddable":true,"href":"https:\/\/www.blipvert.es\/en\/wp-json\/wp\/v2\/media\/7999"}],"wp:attachment":[{"href":"https:\/\/www.blipvert.es\/en\/wp-json\/wp\/v2\/media?parent=7998"}],"wp:term":[{"taxonomy":"category","embeddable":true,"href":"https:\/\/www.blipvert.es\/en\/wp-json\/wp\/v2\/categories?post=7998"},{"taxonomy":"post_tag","embeddable":true,"href":"https:\/\/www.blipvert.es\/en\/wp-json\/wp\/v2\/tags?post=7998"}],"curies":[{"name":"wp","href":"https:\/\/api.w.org\/{rel}","templated":true}]}}