{"id":8458,"date":"2019-03-01T10:48:54","date_gmt":"2019-03-01T08:48:54","guid":{"rendered":"https:\/\/www.blipvert.es\/?p=8458"},"modified":"2020-11-24T10:53:43","modified_gmt":"2020-11-24T08:53:43","slug":"automaty-na-zuzyte-baterie-i-zarowki-stana-na-ursynowie","status":"publish","type":"post","link":"https:\/\/www.blipvert.es\/en\/automaty-na-zuzyte-baterie-i-zarowki-stana-na-ursynowie\/","title":{"rendered":"AUTOMATY NA ZU\u017bYTE BATERIE I \u017bAR\u00d3WKI. STAN\u0104 NA URSYNOWIE?"},"content":{"rendered":"<div class=\"col-md-24\">\n<h2 class=\"print-title\"><img class=\"img-responsive \" style=\"font-size: 16px;\" src=\"https:\/\/www.haloursynow.pl\/img\/artykuly\/11647_automat-do-odbioru-elektrosmieci-to-jest-m_1.jpg?d=1551383141\" alt=\"Miejski Punkt Elektroodpad\u00f3w\" \/><\/h2>\n<\/div>\n<div class=\"col-md-16\">\n<div class=\"sub-page-content\">\n<div id=\"kontowrap\">\n<div class=\"boffset4 relative\">\n<div class=\"\">\n<p class=\"img-desc\">Miejski Punkt Elektroodpad\u00f3w (Kazar Polska)<\/p>\n<\/div>\n<\/div>\n<div id=\"opis\" class=\"headtxt clearafter voffset3\">\n<div class=\"cleardiv voffset3\"><\/div>\n<div id=\"opisglowny\" class=\"txt clearafter voffset3\">\n<p><strong>Przy okazji zmian w sposobie segregacji odpad\u00f3w wyp\u0142yn\u0105\u0142 problem pozbywania si\u0119 drobnych elektor\u015bmieci. <em>\u2013 Komu chce si\u0119 je\u017adzi\u0107 z dwoma bateriami na drugi koniec dzielnicy? \u2013<\/em> pytaj\u0105 mieszka\u0144cy. Radna Nowoczesnej znalaz\u0142a spos\u00f3b, jak temu zaradzi\u0107.<\/strong><\/p>\n<p>Z problemem wyrzucania elekto\u015bmieci borykamy si\u0119 na co dzie\u0144. Co zrobi\u0107 z jedn\u0105 \u017car\u00f3wk\u0105 czy dwoma bateriami? Mieszka\u0144cy szczerze przyznaj\u0105, \u017ce l\u0105duj\u0105 one zazwyczaj w worku z mieszanymi odpadami. Bardziej wytrwali zbieraj\u0105 baterie czy \u017car\u00f3wki do pude\u0142ka i wi\u0119ksz\u0105 liczb\u0119 zanosz\u0105 np. do sklepu czy przedszkola, gdzie prowadzona jest zbi\u00f3rka.<\/p>\n<p>Halina Kupiecka, ursynowska radna Nowoczesnej, zaproponowa\u0142a zarz\u0105dowi dzielnicy rozwi\u0105zanie tego problemu poprzez zainstalowanie w kilku miejscach automat\u00f3w do zbierania drobnych elektoro\u015bmieci, takich jak zu\u017cyte: p\u0142yty CD, tonery, telefony, \u0142adowarki, baterie i \u017car\u00f3wki.<\/p>\n<p>Automaty maj\u0105 posta\u0107 solidnych estetycznych szaf. <em>\u2013 Zobaczy\u0142am takie rozwi\u0105zanie w Piasecznie, sfotografowa\u0142am i odnalaz\u0142am potem w internecie \u2013<\/em> opowiada radna. <em>\u2013 Nie zajmuje du\u017co miejsca, wizualnie jest \u0142adne, a przede wszystkim jest bardzo wygodne \u2013<\/em> t\u0142umaczy.<\/p>\n<p><img src=\"https:\/\/www.haloursynow.pl\/img\/wysiwig\/images\/MPE_Opole2.jpg\" alt=\"\" \/><\/p>\n<p><em>Urz\u0105dzenie zainstalowane w Opolu fot. Kazar Polska<\/em><\/p>\n<p>Burmistrz Robert Kempa popiera pomys\u0142\u00a0radnej i czeka na odpowied\u017a z Biura Gospodarki Odpadami Komunalnymi, kt\u00f3re ma rozwa\u017cy\u0107 wprowadzenie takiego systemu na terenie Warszawy.<\/p>\n<p>Wg Kupieckiej Miejskie Punkty Elektroodpad\u00f3w mog\u0142yby\u00a0si\u0119 znale\u017a\u0107 przy wi\u0119kszych pasa\u017cach handlowych np. na Belgradzkiej oraz\u00a0przy stacjach metra.<\/p>\n<p>Koszt jednego urz\u0105dzenia (wraz transportem, przygotowaniem fundamentu i monta\u017cem) to kwota rz\u0119du 20 tys. z\u0142otych. Rodzaje zbieranych odpad\u00f3w mo\u017cna dowolnie skonfigurowa\u0107, wybieraj\u0105c r\u00f3\u017cne wloty (r\u00f3\u017cni\u0105ce si\u0119 opisem, grafik\u0105 i kszta\u0142tem otwor\u00f3w).<\/p>\n<p><img src=\"https:\/\/www.haloursynow.pl\/img\/wysiwig\/images\/MPE_Komorniki.jpg\" alt=\"\" \/><\/p>\n<p><em>Punkt w Komornikach fot. Kazar Polska<\/em><\/p>\n<p>Na automatach s\u0105 powierzchnie reklamowe, kt\u00f3re mo\u017cna\u00a0wykorzysta\u0107 np. na informacje proekologiczne lub na wynajem komercyjny, kt\u00f3ry mo\u017ce dofinansowa\u0107 koszt zakupu.<\/p>\n<p>Dzi\u015b na terenie Ursynowa zu\u017cyty sprz\u0119t elektryczny i elektroniczny mo\u017cna bezp\u0142atnie oddawa\u0107 na kilka sposob\u00f3w m.in. w ka\u017cd\u0105 sobot\u0119 od 10:00 do 14:00 na parkingu przy ul. Indiry Gandhi,\u00a0w godz. 12:00-13:30 na parkingu przy ul. Gandhi i Hirszfelda oraz w \u015brody w godz. 13:00-14:30 na p\u0119tli autobusowej Osiedle Kabaty &#8211; przy al. KEN 14 obok Tesco.<\/p>\n<p>Inna opcj\u0105 jest pojechanie do Punktu Selektywnej Zbi\u00f3rki Odpad\u00f3w komunalnych (najbli\u017cszy na Wilanowie, ul. Zawodzie 1) lub zam\u00f3wienie bezp\u0142atnego odbioru du\u017cych elektro\u015bmieci bezpo\u015brednio z domu.<\/p>\n<div class=\"sub-page-header\">\n<div class=\"row gutter-40\">\n<div class=\"col-lg-17 col-md-14 col-sm-12 col-xs-24 boffset3\">\n<div class=\"block clearafter\">\n<p class=\"label1\"><a href=\"https:\/\/www.haloursynow.pl\/artykuly\/artykuly\/ekologia\">EKOLOGIA<\/a><\/p>\n<\/div>\n<p><a class=\"print\" title=\"wydrukuj podstron\u0119 do pdf\" href=\"https:\/\/www.haloursynow.pl\/artykuly\/drukujpdf\/artykul\/11647\" target=\"_blank\" rel=\"nofollow noopener\"><span class=\"sr-only\">WYDRUKUJ PODSTRON\u0118 DO <\/span>DRUKUJ<\/a><\/p>\n<\/div>\n<div class=\"col-lg-17 col-md-14 col-sm-12 col-xs-24 boffset3\"><span class=\"data\">1 marca 2019, 09:02<\/span><span class=\"kom\">komentarzy 11<\/span><\/div>\n<div class=\"col-lg-7 col-md-10 col-sm-12 col-xs-24 boffset3 artykul-autor\">\n<p><span class=\"profilePopup\"><span class=\"img-wrapper b-error\"><img src=\"https:\/\/www.haloursynow.pl\/img\/avatary\/59_1.jpg\" alt=\"\" \/><\/span><\/span><\/p>\n<div>\n<p><strong>Marta Siesicka-Osiak<\/strong><\/p>\n<p><a class=\"mailAutor pointer\" title=\"\" data-toggle=\"popover\" data-userd=\"59\" data-link=\"artykuly\/automaty-na-zuzyte-baterie-i-zarowki-stana-na-ursynowie,11647.htm\" data-original-title=\"\">napisz maila \u2039<\/a><br \/>\n<a href=\"https:\/\/www.haloursynow.pl\/artykuly\/aktualnosci?autor=59\">moje artyku\u0142y \u2039<\/a><\/p>\n<\/div>\n<\/div>\n<\/div>\n<\/div>\n<div class=\"cleardiv\"><\/div>\n<\/div>\n<\/div>\n<\/div>\n<\/div>\n<\/div>\n","protected":false},"excerpt":{"rendered":"<p>Miejski Punkt Elektroodpad\u00f3w (Kazar Polska) Przy okazji zmian w sposobie segregacji odpad\u00f3w wyp\u0142yn\u0105\u0142 problem pozbywania si\u0119 drobnych elektor\u015bmieci. \u2013 Komu chce si\u0119 je\u017adzi\u0107 z dwoma bateriami na drugi koniec dzielnicy? \u2013 pytaj\u0105 mieszka\u0144cy. Radna Nowoczesnej [&hellip;]<\/p>\n","protected":false},"author":3,"featured_media":8459,"comment_status":"closed","ping_status":"closed","sticky":false,"template":"","format":"standard","meta":[],"categories":[34],"tags":[],"_links":{"self":[{"href":"https:\/\/www.blipvert.es\/en\/wp-json\/wp\/v2\/posts\/8458"}],"collection":[{"href":"https:\/\/www.blipvert.es\/en\/wp-json\/wp\/v2\/posts"}],"about":[{"href":"https:\/\/www.blipvert.es\/en\/wp-json\/wp\/v2\/types\/post"}],"author":[{"embeddable":true,"href":"https:\/\/www.blipvert.es\/en\/wp-json\/wp\/v2\/users\/3"}],"replies":[{"embeddable":true,"href":"https:\/\/www.blipvert.es\/en\/wp-json\/wp\/v2\/comments?post=8458"}],"version-history":[{"count":2,"href":"https:\/\/www.blipvert.es\/en\/wp-json\/wp\/v2\/posts\/8458\/revisions"}],"predecessor-version":[{"id":8463,"href":"https:\/\/www.blipvert.es\/en\/wp-json\/wp\/v2\/posts\/8458\/revisions\/8463"}],"wp:featuredmedia":[{"embeddable":true,"href":"https:\/\/www.blipvert.es\/en\/wp-json\/wp\/v2\/media\/8459"}],"wp:attachment":[{"href":"https:\/\/www.blipvert.es\/en\/wp-json\/wp\/v2\/media?parent=8458"}],"wp:term":[{"taxonomy":"category","embeddable":true,"href":"https:\/\/www.blipvert.es\/en\/wp-json\/wp\/v2\/categories?post=8458"},{"taxonomy":"post_tag","embeddable":true,"href":"https:\/\/www.blipvert.es\/en\/wp-json\/wp\/v2\/tags?post=8458"}],"curies":[{"name":"wp","href":"https:\/\/api.w.org\/{rel}","templated":true}]}}