{"id":8474,"date":"2020-09-05T01:07:35","date_gmt":"2020-09-04T23:07:35","guid":{"rendered":"https:\/\/www.blipvert.es\/?p=8474"},"modified":"2022-02-28T17:01:26","modified_gmt":"2022-02-28T15:01:26","slug":"l-ajuntament-de-gava-recorda-a-tweeter-que-a-les-minideixalleries-no-es-poden-dipositar-tubos-fluorescents","status":"publish","type":"post","link":"https:\/\/www.blipvert.es\/en\/l-ajuntament-de-gava-recorda-a-tweeter-que-a-les-minideixalleries-no-es-poden-dipositar-tubos-fluorescents\/","title":{"rendered":"L&#8217; AJUNTAMENT DE GAV\u00c0 RECORDA A TWITTER QUE A LES MINIDEIXALLERIES NO ES PODEN DIPOSITAR TUBOS FLUORESCENTS"},"content":{"rendered":"<blockquote class=\"twitter-tweet\" data-width=\"500\" data-dnt=\"true\">\n<p lang=\"ca\" dir=\"ltr\">\u26a0\ufe0f\u26d4\ufe0fUs recordem que a les minideixalleries no es poden dipositar tubs de fluorescent, per a aquest residu disposeu del servei de deixalleria m\u00f2bil o b\u00e9 del Punt Verd de Pla\u00e7a Catalunya. <a href=\"https:\/\/twitter.com\/hashtag\/Gav%C3%A0M%C3%A9sVerdaM%C3%A9sNeta?src=hash&amp;ref_src=twsrc%5Etfw\">#Gav\u00e0M\u00e9sVerdaM\u00e9sNeta<\/a> <a href=\"https:\/\/twitter.com\/hashtag\/ReciclemM%C3%A9s?src=hash&amp;ref_src=twsrc%5Etfw\">#ReciclemM\u00e9s<\/a> <a href=\"https:\/\/t.co\/29x0NjGfSF\">pic.twitter.com\/29x0NjGfSF<\/a><\/p>\n<p>&mdash; Ajuntament de Gav\u00e0 (@AjuntamentGava) <a href=\"https:\/\/twitter.com\/AjuntamentGava\/status\/1301860718090883072?ref_src=twsrc%5Etfw\">September 4, 2020<\/a><\/p><\/blockquote>\n<p><script async src=\"https:\/\/platform.twitter.com\/widgets.js\" charset=\"utf-8\"><\/script><\/p>\n<p>Font: <a href=\"https:\/\/www.gavaciutat.cat\">Ajuntament de Gav\u00e0<\/a>.<\/p>\n<p><a href=\"https:\/\/www.blipvert.es\/minideixalleria\/\">Coneix m\u00e9s sobre les minideixalleries blipvert recologics seguint aquest enlla\u00e7<\/a><\/p>\n","protected":false},"excerpt":{"rendered":"<p>\u26a0\ufe0f\u26d4\ufe0fUs recordem que a les minideixalleries no es poden dipositar tubs de fluorescent, per a aquest residu disposeu del servei de deixalleria m\u00f2bil o b\u00e9 del Punt Verd de Pla\u00e7a Catalunya. #Gav\u00e0M\u00e9sVerdaM\u00e9sNeta #ReciclemM\u00e9s pic.twitter.com\/29x0NjGfSF &mdash; [&hellip;]<\/p>\n","protected":false},"author":3,"featured_media":8476,"comment_status":"closed","ping_status":"closed","sticky":false,"template":"","format":"standard","meta":[],"categories":[31],"tags":[],"_links":{"self":[{"href":"https:\/\/www.blipvert.es\/en\/wp-json\/wp\/v2\/posts\/8474"}],"collection":[{"href":"https:\/\/www.blipvert.es\/en\/wp-json\/wp\/v2\/posts"}],"about":[{"href":"https:\/\/www.blipvert.es\/en\/wp-json\/wp\/v2\/types\/post"}],"author":[{"embeddable":true,"href":"https:\/\/www.blipvert.es\/en\/wp-json\/wp\/v2\/users\/3"}],"replies":[{"embeddable":true,"href":"https:\/\/www.blipvert.es\/en\/wp-json\/wp\/v2\/comments?post=8474"}],"version-history":[{"count":4,"href":"https:\/\/www.blipvert.es\/en\/wp-json\/wp\/v2\/posts\/8474\/revisions"}],"predecessor-version":[{"id":10455,"href":"https:\/\/www.blipvert.es\/en\/wp-json\/wp\/v2\/posts\/8474\/revisions\/10455"}],"wp:featuredmedia":[{"embeddable":true,"href":"https:\/\/www.blipvert.es\/en\/wp-json\/wp\/v2\/media\/8476"}],"wp:attachment":[{"href":"https:\/\/www.blipvert.es\/en\/wp-json\/wp\/v2\/media?parent=8474"}],"wp:term":[{"taxonomy":"category","embeddable":true,"href":"https:\/\/www.blipvert.es\/en\/wp-json\/wp\/v2\/categories?post=8474"},{"taxonomy":"post_tag","embeddable":true,"href":"https:\/\/www.blipvert.es\/en\/wp-json\/wp\/v2\/tags?post=8474"}],"curies":[{"name":"wp","href":"https:\/\/api.w.org\/{rel}","templated":true}]}}