{"id":9353,"date":"2020-03-15T11:47:29","date_gmt":"2020-03-15T09:47:29","guid":{"rendered":"https:\/\/www.blipvert.es\/?p=9353"},"modified":"2022-02-21T13:12:52","modified_gmt":"2022-02-21T11:12:52","slug":"carballo-a-coruna-amplia-la-red-de-minipuntos-limpios-urbanos-con-reciclaxes-blipvert-galicia","status":"publish","type":"post","link":"https:\/\/www.blipvert.es\/en\/carballo-a-coruna-amplia-la-red-de-minipuntos-limpios-urbanos-con-reciclaxes-blipvert-galicia\/","title":{"rendered":"CARBALLO (A CORU\u00d1A) AMPL\u00cdA LA RED DE MINIPUNTOS LIMPIOS URBANOS CON RECICLAXES BLIPVERT GALICIA"},"content":{"rendered":"<div class=\"td-post-header\"><\/div>\n<div class=\"td-post-content tagdiv-type\">\n<div><img class=\"size-full wp-image-9355 aligncenter\" src=\"https:\/\/www.blipvert.es\/wp-content\/uploads\/CARBALLO.jpg\" alt=\"\" width=\"800\" height=\"459\" srcset=\"https:\/\/www.blipvert.es\/wp-content\/uploads\/CARBALLO.jpg 800w, https:\/\/www.blipvert.es\/wp-content\/uploads\/CARBALLO-150x86.jpg 150w, https:\/\/www.blipvert.es\/wp-content\/uploads\/CARBALLO-300x172.jpg 300w, https:\/\/www.blipvert.es\/wp-content\/uploads\/CARBALLO-768x441.jpg 768w\" sizes=\"(max-width: 800px) 100vw, 800px\" \/><\/div>\n<div><\/div>\n<div class=\"td-post-featured-image\">Desde esta semana Carballo cuenta con tres minipuntos limpios. A los instalados en las calles Per\u00fa y Fomento viene de sumarse un tercero en la V\u00e1zquez de Parga, en el conocido como cruce de las Cuatro Puertas.<\/div>\n<p>Este servicio facilita a la ciudadan\u00eda el correcto deposito de hasta siete modalidades diferentes de residuos para su correcto reciclaje: pilas convencionales, alcalinas, de petaca y de bot\u00f3n; tel\u00e9fonos m\u00f3viles de bater\u00edas, CDs y DVDs, cartuchos de impresora de inyecci\u00f3n, l\u00e1mparas de bajo consumo y peque\u00f1os residuos el\u00e9ctricos o electr\u00f3nicos.<\/p>\n<p>El servicio lleva funcionando desde el a\u00f1o 2016 con buenos resultados, ya que son muchos los productos altamente contaminantes que gracias a este sistema de recogida reciben una gesti\u00f3n id\u00f3nea. Un buen d\u00eda para utilizarlos podr\u00eda ser el lunes, 5 de marzo, dado que se celebra el D\u00eda Mundial de la Eficiencia Energ\u00e9tica, instaurado en el a\u00f1o 1998 con el objetivo de reflexionar sobre el uso racional de la energ\u00eda y sus consecuencias sobre el medio ambiente.<\/p>\n<figure class=\"wp-block-image\"><img class=\"wp-image-7426 td-animation-stack-type0-2 aligncenter\" src=\"https:\/\/i1.wp.com\/nhdiario.eswp-content\/uploads\/2019\/03\/Moviles-varios-smartphones-1.jpg?resize=696%2C392&amp;ssl=1\" sizes=\"(max-width: 696px) 100vw, 696px\" srcset=\"https:\/\/i2.wp.com\/nhdiario.es\/wp-content\/uploads\/2019\/03\/Moviles-varios-smartphones-1.jpg?w=1920&amp;ssl=1 1920w, https:\/\/i2.wp.com\/nhdiario.es\/wp-content\/uploads\/2019\/03\/Moviles-varios-smartphones-1.jpg?resize=1280%2C720&amp;ssl=1 1280w, https:\/\/i2.wp.com\/nhdiario.es\/wp-content\/uploads\/2019\/03\/Moviles-varios-smartphones-1.jpg?resize=267%2C150&amp;ssl=1 267w, https:\/\/i2.wp.com\/nhdiario.es\/wp-content\/uploads\/2019\/03\/Moviles-varios-smartphones-1.jpg?resize=768%2C432&amp;ssl=1 768w, https:\/\/i2.wp.com\/nhdiario.es\/wp-content\/uploads\/2019\/03\/Moviles-varios-smartphones-1.jpg?resize=1536%2C864&amp;ssl=1 1536w, https:\/\/i2.wp.com\/nhdiario.es\/wp-content\/uploads\/2019\/03\/Moviles-varios-smartphones-1.jpg?resize=750%2C422&amp;ssl=1 750w, https:\/\/i2.wp.com\/nhdiario.es\/wp-content\/uploads\/2019\/03\/Moviles-varios-smartphones-1.jpg?resize=1140%2C641&amp;ssl=1 1140w, https:\/\/i2.wp.com\/nhdiario.es\/wp-content\/uploads\/2019\/03\/Moviles-varios-smartphones-1.jpg?w=1392&amp;ssl=1 1392w\" alt=\"\" width=\"696\" height=\"392\" data-recalc-dims=\"1\" \/><\/figure>\n<p><a href=\"https:\/\/nhdiario.es\/nuevo-minipunto-limpio-en-carballo\/\">Noticia original NH Diario<\/a><\/p>\n<\/div>\n<blockquote class=\"wp-embedded-content\" data-secret=\"qin58N6h7L\"><p><a href=\"https:\/\/nhdiario.es\/nuevo-minipunto-limpio-en-carballo\/\">Nuevo  minipunto limpio en Carballo<\/a><\/p><\/blockquote>\n<p><iframe class=\"wp-embedded-content\" sandbox=\"allow-scripts\" security=\"restricted\" style=\"position: absolute; clip: rect(1px, 1px, 1px, 1px);\" title=\"\u00abNuevo  minipunto limpio en Carballo\u00bb \u2014 NH Diario\" src=\"https:\/\/nhdiario.es\/nuevo-minipunto-limpio-en-carballo\/embed\/#?secret=qin58N6h7L\" data-secret=\"qin58N6h7L\" width=\"500\" height=\"282\" frameborder=\"0\" marginwidth=\"0\" marginheight=\"0\" scrolling=\"no\"><\/iframe><\/p>\n","protected":false},"excerpt":{"rendered":"<p>Desde esta semana Carballo cuenta con tres minipuntos limpios. A los instalados en las calles Per\u00fa y Fomento viene de sumarse un tercero en la V\u00e1zquez de Parga, en el conocido como cruce de las [&hellip;]<\/p>\n","protected":false},"author":3,"featured_media":9355,"comment_status":"closed","ping_status":"closed","sticky":false,"template":"","format":"standard","meta":[],"categories":[61],"tags":[],"_links":{"self":[{"href":"https:\/\/www.blipvert.es\/en\/wp-json\/wp\/v2\/posts\/9353"}],"collection":[{"href":"https:\/\/www.blipvert.es\/en\/wp-json\/wp\/v2\/posts"}],"about":[{"href":"https:\/\/www.blipvert.es\/en\/wp-json\/wp\/v2\/types\/post"}],"author":[{"embeddable":true,"href":"https:\/\/www.blipvert.es\/en\/wp-json\/wp\/v2\/users\/3"}],"replies":[{"embeddable":true,"href":"https:\/\/www.blipvert.es\/en\/wp-json\/wp\/v2\/comments?post=9353"}],"version-history":[{"count":1,"href":"https:\/\/www.blipvert.es\/en\/wp-json\/wp\/v2\/posts\/9353\/revisions"}],"predecessor-version":[{"id":9358,"href":"https:\/\/www.blipvert.es\/en\/wp-json\/wp\/v2\/posts\/9353\/revisions\/9358"}],"wp:featuredmedia":[{"embeddable":true,"href":"https:\/\/www.blipvert.es\/en\/wp-json\/wp\/v2\/media\/9355"}],"wp:attachment":[{"href":"https:\/\/www.blipvert.es\/en\/wp-json\/wp\/v2\/media?parent=9353"}],"wp:term":[{"taxonomy":"category","embeddable":true,"href":"https:\/\/www.blipvert.es\/en\/wp-json\/wp\/v2\/categories?post=9353"},{"taxonomy":"post_tag","embeddable":true,"href":"https:\/\/www.blipvert.es\/en\/wp-json\/wp\/v2\/tags?post=9353"}],"curies":[{"name":"wp","href":"https:\/\/api.w.org\/{rel}","templated":true}]}}