{"id":11127,"date":"2021-03-27T12:48:22","date_gmt":"2021-03-27T10:48:22","guid":{"rendered":"https:\/\/www.blipvert.es\/?p=11127"},"modified":"2021-05-13T12:53:05","modified_gmt":"2021-05-13T10:53:05","slug":"cada-pobrense-reciclo-el-ano-pasado-setenta-y-cinco-kilos-de-residuos","status":"publish","type":"post","link":"https:\/\/www.blipvert.es\/es\/cada-pobrense-reciclo-el-ano-pasado-setenta-y-cinco-kilos-de-residuos\/","title":{"rendered":"EN BARBANZA (A CORU\u00d1A), CADA POBRENSE RECICL\u00d3 EL A\u00d1O PASADO SETENTA Y CINCO KILOS DE RESIDUOS"},"content":{"rendered":"<p><img class=\"aligncenter wp-image-11128 size-full\" src=\"https:\/\/www.blipvert.es\/wp-content\/uploads\/minipunto-limpo-urbano_422-2997650_20210327131545.jpg\" alt=\"\" width=\"900\" height=\"506\" srcset=\"https:\/\/www.blipvert.es\/wp-content\/uploads\/minipunto-limpo-urbano_422-2997650_20210327131545.jpg 900w, https:\/\/www.blipvert.es\/wp-content\/uploads\/minipunto-limpo-urbano_422-2997650_20210327131545-150x84.jpg 150w, https:\/\/www.blipvert.es\/wp-content\/uploads\/minipunto-limpo-urbano_422-2997650_20210327131545-300x169.jpg 300w, https:\/\/www.blipvert.es\/wp-content\/uploads\/minipunto-limpo-urbano_422-2997650_20210327131545-768x432.jpg 768w\" sizes=\"(max-width: 900px) 100vw, 900px\" \/><\/p>\n<p class=\"p_1\"><i><b>A Pobra.<\/b><\/i> La concejal\u00eda de Medio Ambiente de A Pobra do Carami\u00f1al, de la cual es titular la edil Genoveva Hermo, inform\u00f3 que los datos obtenidos durante el pasado a\u00f1o apuntan a que cada vecino recicl\u00f3 74,37 kilos de residuos.<\/p>\n<div id=\"sm-it-main-container-1620902244049\" class=\"sm-it-main-container\" data-it=\"1f675e22-ecb4-4d0c-9db0-226426e5203d\" data-index=\"0\" data-device=\"desktop\">\n<div id=\"sm-alternative-1620902244049\" class=\"sm-alternative\" data-device=\"desktop\">Atendiendo a la recogida selectiva, los envases constituyen 21 kilos, seguidos de vidrio (18,65), papel-cart\u00f3n (15,61), lo registrado en el punto limpio (14), textil (4,18), aceite de cocina usado (0,73) y el depositado en los minipuntos limpios urbanos (0,11). Por otro lado, en el municipio se generaron durante el pasado a\u00f1o casi cuatro mil toneladas de la fracci\u00f3n del resto. Una cifra considerable que contrasta con las 196 toneladas de envases, 174 de vidrio y 145 de papel-cart\u00f3n.<\/div>\n<\/div>\n<p class=\"p_3\">Por eso, desde el \u00e1rea de Medio Ambiente hacen hincapi\u00e9 en la utilizaci\u00f3n de composteros, ya que contribuyen a reducir el peso de la fracci\u00f3n del resto, recogida en los contenedores verdes, y que representa m\u00e1s del 90 % de la basura generada.<\/p>\n<p class=\"p_4\">Por otra parte, el punto limpio situado en el pol\u00edgono industrial registr\u00f3 durante el pasado a\u00f1o algo m\u00e1s de 118 toneladas de residuos.<\/p>\n<p class=\"p_5\">La administraci\u00f3n local da continuidad al proyecto del compostaje con el reparto de otros cincuenta nuevos composteros dom\u00e9sticos. <span class=\"mln_uppercase_mln\">S. S.<\/span><\/p>\n<p><a href=\"https:\/\/www.elcorreogallego.es\/ocorreodebarbanza\/cada-pobrense-reciclo-el-ano-pasado-setenta-y-cinco-kilos-de-residuos-MH7009284\">Ver noticia original en el Correo Gallego.<\/a><\/p>\n","protected":false},"excerpt":{"rendered":"<p>A Pobra. La concejal\u00eda de Medio Ambiente de A Pobra do Carami\u00f1al, de la cual es titular la edil Genoveva Hermo, inform\u00f3 que los datos obtenidos durante el pasado a\u00f1o apuntan a que cada vecino [&hellip;]<\/p>\n","protected":false},"author":3,"featured_media":11128,"comment_status":"closed","ping_status":"closed","sticky":false,"template":"","format":"standard","meta":[],"categories":[61],"tags":[],"_links":{"self":[{"href":"https:\/\/www.blipvert.es\/es\/wp-json\/wp\/v2\/posts\/11127"}],"collection":[{"href":"https:\/\/www.blipvert.es\/es\/wp-json\/wp\/v2\/posts"}],"about":[{"href":"https:\/\/www.blipvert.es\/es\/wp-json\/wp\/v2\/types\/post"}],"author":[{"embeddable":true,"href":"https:\/\/www.blipvert.es\/es\/wp-json\/wp\/v2\/users\/3"}],"replies":[{"embeddable":true,"href":"https:\/\/www.blipvert.es\/es\/wp-json\/wp\/v2\/comments?post=11127"}],"version-history":[{"count":3,"href":"https:\/\/www.blipvert.es\/es\/wp-json\/wp\/v2\/posts\/11127\/revisions"}],"predecessor-version":[{"id":11133,"href":"https:\/\/www.blipvert.es\/es\/wp-json\/wp\/v2\/posts\/11127\/revisions\/11133"}],"wp:featuredmedia":[{"embeddable":true,"href":"https:\/\/www.blipvert.es\/es\/wp-json\/wp\/v2\/media\/11128"}],"wp:attachment":[{"href":"https:\/\/www.blipvert.es\/es\/wp-json\/wp\/v2\/media?parent=11127"}],"wp:term":[{"taxonomy":"category","embeddable":true,"href":"https:\/\/www.blipvert.es\/es\/wp-json\/wp\/v2\/categories?post=11127"},{"taxonomy":"post_tag","embeddable":true,"href":"https:\/\/www.blipvert.es\/es\/wp-json\/wp\/v2\/tags?post=11127"}],"curies":[{"name":"wp","href":"https:\/\/api.w.org\/{rel}","templated":true}]}}