{"id":1125,"date":"2018-07-27T13:14:27","date_gmt":"2018-07-27T11:14:27","guid":{"rendered":"https:\/\/www.blipvert.es\/?p=1125"},"modified":"2020-01-23T18:14:37","modified_gmt":"2020-01-23T16:14:37","slug":"darlowo-calodobowy-miejski-punkt-zbiorki-elektroodpadow","status":"publish","type":"post","link":"https:\/\/www.blipvert.es\/es\/darlowo-calodobowy-miejski-punkt-zbiorki-elektroodpadow\/","title":{"rendered":"DARLOWO Ca\u0142odobowy miejski punkt zbi\u00f3rki elektroodpad\u00f3w"},"content":{"rendered":"<h1>Ca\u0142odobowy miejski punkt zbi\u00f3rki elektroodpad\u00f3w<\/h1>\n<p>Dar\u0142owo, 27 lipca 2018 roku<\/p>\n<p style=\"font-weight: 400;\">\n<p style=\"font-weight: 400;\">Niedawno naprzeciwko siedziby Miejskiego Przedsi\u0119biorstwa Gospodarki Komunalnej w Dar\u0142owie przy ulicy 1-go Maja zamontowano miejski punkt elektroodpad\u00f3w.\u00a0 Mo\u017cna \u00a0do niego wyrzuci\u0107 bez szkody dla \u015brodowiska. takie niepotrzebne \u00a0elektroodpady jak np.: p\u0142yty CD, tonery, kalkulatory, akcesoria telefoniczne, \u0142adowarki, baterie, drobny sprz\u0119t elektroniczny, \u017car\u00f3wki.<\/p>\n<p style=\"font-weight: 400;\">Opady elektroniczne zawieraj\u0105 substancje szkodliwe oraz truj\u0105ce dla zdrowia ludzi i \u015brodowiska. Dlatego tak wa\u017cne jest segregowanie elektro\u015bmieci i odpowiednia utylizacja zu\u017cytego sprz\u0119tu. Mamy nadziej\u0119, \u017ce mieszka\u0144cy Dar\u0142owa skorzystaj\u0105 z tego udogodnienia.<\/p>\n<p>L.W.<\/p>\n<p><img src=\"https:\/\/um.darlowo.pl\/img\/wiadomoscmini19732.jpg\" alt=\"Ca\u00c5\u0082odobowy miejski punkt zbi\u00c3\u00b3rki elektroodpad\u00c3\u00b3w\" \/><img src=\"https:\/\/um.darlowo.pl\/img\/wiadomoscmini19733.jpg\" alt=\"Ca\u00c5\u0082odobowy miejski punkt zbi\u00c3\u00b3rki elektroodpad\u00c3\u00b3w\" \/><img src=\"https:\/\/um.darlowo.pl\/img\/wiadomoscmini19734.jpg\" alt=\"Ca\u00c5\u0082odobowy miejski punkt zbi\u00c3\u00b3rki elektroodpad\u00c3\u00b3w\" \/><\/p>\n<p><a href=\"https:\/\/www.darlowo.pl\/pl\/?page=wiadomosci&amp;wiadomosc=7546\" target=\"_blank\" rel=\"noopener\">https:\/\/www.darlowo.pl\/pl\/?page=wiadomosci&amp;wiadomosc=7546<\/a><\/p>\n","protected":false},"excerpt":{"rendered":"<p>Ca\u0142odobowy miejski punkt zbi\u00f3rki elektroodpad\u00f3w Dar\u0142owo, 27 lipca 2018 roku Niedawno naprzeciwko siedziby Miejskiego Przedsi\u0119biorstwa Gospodarki Komunalnej w Dar\u0142owie przy ulicy 1-go Maja zamontowano miejski punkt elektroodpad\u00f3w.\u00a0 Mo\u017cna \u00a0do niego wyrzuci\u0107 bez szkody dla \u015brodowiska. [&hellip;]<\/p>\n","protected":false},"author":3,"featured_media":1127,"comment_status":"closed","ping_status":"closed","sticky":false,"template":"","format":"standard","meta":[],"categories":[34],"tags":[],"_links":{"self":[{"href":"https:\/\/www.blipvert.es\/es\/wp-json\/wp\/v2\/posts\/1125"}],"collection":[{"href":"https:\/\/www.blipvert.es\/es\/wp-json\/wp\/v2\/posts"}],"about":[{"href":"https:\/\/www.blipvert.es\/es\/wp-json\/wp\/v2\/types\/post"}],"author":[{"embeddable":true,"href":"https:\/\/www.blipvert.es\/es\/wp-json\/wp\/v2\/users\/3"}],"replies":[{"embeddable":true,"href":"https:\/\/www.blipvert.es\/es\/wp-json\/wp\/v2\/comments?post=1125"}],"version-history":[{"count":1,"href":"https:\/\/www.blipvert.es\/es\/wp-json\/wp\/v2\/posts\/1125\/revisions"}],"predecessor-version":[{"id":1128,"href":"https:\/\/www.blipvert.es\/es\/wp-json\/wp\/v2\/posts\/1125\/revisions\/1128"}],"wp:featuredmedia":[{"embeddable":true,"href":"https:\/\/www.blipvert.es\/es\/wp-json\/wp\/v2\/media\/1127"}],"wp:attachment":[{"href":"https:\/\/www.blipvert.es\/es\/wp-json\/wp\/v2\/media?parent=1125"}],"wp:term":[{"taxonomy":"category","embeddable":true,"href":"https:\/\/www.blipvert.es\/es\/wp-json\/wp\/v2\/categories?post=1125"},{"taxonomy":"post_tag","embeddable":true,"href":"https:\/\/www.blipvert.es\/es\/wp-json\/wp\/v2\/tags?post=1125"}],"curies":[{"name":"wp","href":"https:\/\/api.w.org\/{rel}","templated":true}]}}