{"id":11286,"date":"2021-05-28T19:33:49","date_gmt":"2021-05-28T17:33:49","guid":{"rendered":"https:\/\/www.blipvert.es\/?p=11286"},"modified":"2021-11-16T12:36:02","modified_gmt":"2021-11-16T10:36:02","slug":"en-servei-la-nova-minideixalleria-per-a-petits-residus-del-perello-baix-ebre","status":"publish","type":"post","link":"https:\/\/www.blipvert.es\/es\/en-servei-la-nova-minideixalleria-per-a-petits-residus-del-perello-baix-ebre\/","title":{"rendered":"MINIDEIXALLERIA PER A PETITS RESIDUS DEL PERELL\u00d3 (BAIX EBRE)"},"content":{"rendered":"<div id=\"titol_pf\">Ja funciona a ple\u00a0rendiment la nova minideixalleria a El Perell\u00f3.<\/div>\n<div>\u00a0<img class=\"alignnone wp-image-11290 size-full\" src=\"https:\/\/www.blipvert.es\/wp-content\/uploads\/20210528_190122.jpg\" alt=\"minideixalleria per a petits residus del perell\u00f3\" width=\"1780\" height=\"874\" srcset=\"https:\/\/www.blipvert.es\/wp-content\/uploads\/20210528_190122.jpg 1780w, https:\/\/www.blipvert.es\/wp-content\/uploads\/20210528_190122-150x74.jpg 150w, https:\/\/www.blipvert.es\/wp-content\/uploads\/20210528_190122-300x147.jpg 300w, https:\/\/www.blipvert.es\/wp-content\/uploads\/20210528_190122-768x377.jpg 768w, https:\/\/www.blipvert.es\/wp-content\/uploads\/20210528_190122-1280x628.jpg 1280w\" sizes=\"(max-width: 1780px) 100vw, 1780px\" \/><\/div>\n<div>\n<p>L\u2019Ajuntament ha instal\u00b7lat aquest nou equipament per facilitar la recollida selectiva i reciclatge de petits residus d\u2019 \u00fas dom\u00e8stic.\u00a0Concretament, els residus que es poden reciclar a la minideixalleria del Perell\u00f3 s\u00f3n: discos cd i dvd, cartutxos d\u2019impressora, aparells el\u00e8ctrics i electr\u00f2nics (RAEE) de petit format, piles, acumuladors i bateries de m\u00f2bil, i tot tipus de bombetes.<\/p>\n<p><img class=\"alignnone wp-image-11287 size-full\" src=\"https:\/\/www.blipvert.es\/wp-content\/uploads\/20210528_190646.jpg\" alt=\"minideixalleria per a petits residus del perell\u00f3\" width=\"1555\" height=\"704\" srcset=\"https:\/\/www.blipvert.es\/wp-content\/uploads\/20210528_190646.jpg 1555w, https:\/\/www.blipvert.es\/wp-content\/uploads\/20210528_190646-150x68.jpg 150w, https:\/\/www.blipvert.es\/wp-content\/uploads\/20210528_190646-300x136.jpg 300w, https:\/\/www.blipvert.es\/wp-content\/uploads\/20210528_190646-768x348.jpg 768w, https:\/\/www.blipvert.es\/wp-content\/uploads\/20210528_190646-1280x579.jpg 1280w\" sizes=\"(max-width: 1555px) 100vw, 1555px\" \/><\/p>\n<p>Aquesta minideixalleria est\u00e0 gestionada per l\u2019empresa vallesana <a href=\"https:\/\/www.blipvert.es\">Blipvert Recologics<\/a>, amb la qual s\u2019ha signat un conveni per dur a terme el servei integral consistent en el manteniment t\u00e8cnic i neteja peri\u00f2dica de la minideixalleria, la impressi\u00f3 i fixaci\u00f3 dels cartells, la recollida dels residus, el seu transport a reciclatge i la elaboraci\u00f3 dels fulls de seguiment de residu de l&#8217;<a href=\"http:\/\/residus.gencat.cat\/ca\/inici\">Ag\u00e8ncia de Residus de Catalunya.<\/a><\/p>\n<p><img class=\"alignnone wp-image-11293 size-full\" src=\"https:\/\/www.blipvert.es\/wp-content\/uploads\/20210528_191802.jpg\" alt=\"minideixalleria per a petits residus del perell\u00f3\" width=\"1373\" height=\"633\" srcset=\"https:\/\/www.blipvert.es\/wp-content\/uploads\/20210528_191802.jpg 1373w, https:\/\/www.blipvert.es\/wp-content\/uploads\/20210528_191802-150x69.jpg 150w, https:\/\/www.blipvert.es\/wp-content\/uploads\/20210528_191802-300x138.jpg 300w, https:\/\/www.blipvert.es\/wp-content\/uploads\/20210528_191802-768x354.jpg 768w, https:\/\/www.blipvert.es\/wp-content\/uploads\/20210528_191802-1280x590.jpg 1280w\" sizes=\"(max-width: 1373px) 100vw, 1373px\" \/><\/p>\n<p>El contenidor disposa de dos finestres de vidre dissenyades per la comunicaci\u00f3 municipal, la qual cosa permet l\u2019Ajuntament realitzar campanyes de comunicaci\u00f3 de manera completament ecol\u00f2gica i gratuita.<\/p>\n<p>La <a href=\"https:\/\/www.blipvert.es\/minideixalleria\/\">minideixalleria<\/a>\u00a0del Perell\u00f3 romandr\u00e0 sempre oberta, en servei les 24 hores del dia i els 7 dies de la setmana.<\/p>\n<\/div>\n<p><a href=\"http:\/\/www.elperello.cat\">http:\/\/www.elperello.cat<\/a><\/p>\n<p><a href=\"https:\/\/www.facebook.com\/perelloactiu\/posts\/3723832017745760\">https:\/\/www.facebook.com\/perelloactiu\/posts\/3723832017745760<\/a><\/p>\n","protected":false},"excerpt":{"rendered":"<p>Ja funciona a ple\u00a0rendiment la nova minideixalleria a El Perell\u00f3. \u00a0 L\u2019Ajuntament ha instal\u00b7lat aquest nou equipament per facilitar la recollida selectiva i reciclatge de petits residus d\u2019 \u00fas dom\u00e8stic.\u00a0Concretament, els residus que es poden [&hellip;]<\/p>\n","protected":false},"author":3,"featured_media":11297,"comment_status":"closed","ping_status":"closed","sticky":false,"template":"","format":"standard","meta":[],"categories":[31],"tags":[],"_links":{"self":[{"href":"https:\/\/www.blipvert.es\/es\/wp-json\/wp\/v2\/posts\/11286"}],"collection":[{"href":"https:\/\/www.blipvert.es\/es\/wp-json\/wp\/v2\/posts"}],"about":[{"href":"https:\/\/www.blipvert.es\/es\/wp-json\/wp\/v2\/types\/post"}],"author":[{"embeddable":true,"href":"https:\/\/www.blipvert.es\/es\/wp-json\/wp\/v2\/users\/3"}],"replies":[{"embeddable":true,"href":"https:\/\/www.blipvert.es\/es\/wp-json\/wp\/v2\/comments?post=11286"}],"version-history":[{"count":5,"href":"https:\/\/www.blipvert.es\/es\/wp-json\/wp\/v2\/posts\/11286\/revisions"}],"predecessor-version":[{"id":12805,"href":"https:\/\/www.blipvert.es\/es\/wp-json\/wp\/v2\/posts\/11286\/revisions\/12805"}],"wp:featuredmedia":[{"embeddable":true,"href":"https:\/\/www.blipvert.es\/es\/wp-json\/wp\/v2\/media\/11297"}],"wp:attachment":[{"href":"https:\/\/www.blipvert.es\/es\/wp-json\/wp\/v2\/media?parent=11286"}],"wp:term":[{"taxonomy":"category","embeddable":true,"href":"https:\/\/www.blipvert.es\/es\/wp-json\/wp\/v2\/categories?post=11286"},{"taxonomy":"post_tag","embeddable":true,"href":"https:\/\/www.blipvert.es\/es\/wp-json\/wp\/v2\/tags?post=11286"}],"curies":[{"name":"wp","href":"https:\/\/api.w.org\/{rel}","templated":true}]}}