{"id":11466,"date":"2021-06-10T17:02:32","date_gmt":"2021-06-10T15:02:32","guid":{"rendered":"https:\/\/www.blipvert.es\/?p=11466"},"modified":"2021-10-26T16:08:28","modified_gmt":"2021-10-26T14:08:28","slug":"ja-podeu-reciclar-els-petits-residus-al-bell-mig-de-vila-sacra-alt-emporda","status":"publish","type":"post","link":"https:\/\/www.blipvert.es\/es\/ja-podeu-reciclar-els-petits-residus-al-bell-mig-de-vila-sacra-alt-emporda\/","title":{"rendered":"NOVA MINIDEIXALLERIA PER A PETITS RESIDUS EN SERVEI AL BELL MIG DE VILA-SACRA (ALT EMPORD\u00c0)"},"content":{"rendered":"<p>L&#8217; Ajuntament de Vila-sacra ha instal\u00b7lat una minideixalleria que ja funciona a ple rendiment des d&#8217;aquest mat\u00ed al centre de la vila. Ubicada estrat\u00e8gicament per tal de facilitar el reciclatge de petites deixalles dom\u00e8stiques que abans s&#8217; havien de portar fins a la deixalleria, a la nova minideixalleria de Vila-sacra podeu reciclar fins a 7 petits residus diferents, com ara: discos CD i DVD, piles, bateries i acumuladors, cartutxos de tinta, aparells electr\u00f2nics i el\u00e8ctrics (RAEE) de petit format, ulleres, i tot tipus de bombetes. A m\u00e9s, aquest nou servei \u00e9s ininterromput (7\/24).<\/p>\n<p><img class=\"size-full wp-image-11474 alignnone\" src=\"https:\/\/www.blipvert.es\/wp-content\/uploads\/20210610_163203.jpg\" alt=\"\" width=\"1016\" height=\"469\" srcset=\"https:\/\/www.blipvert.es\/wp-content\/uploads\/20210610_163203.jpg 1016w, https:\/\/www.blipvert.es\/wp-content\/uploads\/20210610_163203-150x69.jpg 150w, https:\/\/www.blipvert.es\/wp-content\/uploads\/20210610_163203-300x138.jpg 300w, https:\/\/www.blipvert.es\/wp-content\/uploads\/20210610_163203-768x355.jpg 768w\" sizes=\"(max-width: 1016px) 100vw, 1016px\" \/><\/p>\n<p>Les boques de residus s\u00f3n f\u00e0cilment intercambiables, d&#8217;aquesta manera el Consistori s&#8217;assegura <em>estar al dia<\/em>\u00a0i la possibilitat (si escau) d&#8217;actualitzar els 7 residus en funci\u00f3 de la demanda popular.<\/p>\n<p><img class=\"size-full wp-image-11471 aligncenter\" src=\"https:\/\/www.blipvert.es\/wp-content\/uploads\/20210610_150514.jpg\" alt=\"\" width=\"1474\" height=\"640\" srcset=\"https:\/\/www.blipvert.es\/wp-content\/uploads\/20210610_150514.jpg 1474w, https:\/\/www.blipvert.es\/wp-content\/uploads\/20210610_150514-150x65.jpg 150w, https:\/\/www.blipvert.es\/wp-content\/uploads\/20210610_150514-300x130.jpg 300w, https:\/\/www.blipvert.es\/wp-content\/uploads\/20210610_150514-768x333.jpg 768w, https:\/\/www.blipvert.es\/wp-content\/uploads\/20210610_150514-1280x556.jpg 1280w\" sizes=\"(max-width: 1474px) 100vw, 1474px\" \/><\/p>\n<p>Aquest nou equipament tamb\u00e9 disposa de dos panells de comunicaci\u00f3 ecol\u00f2gica, on l&#8217; Ajuntament pot assabentar els ciudadans dels serveis que tenen a la seva disposici\u00f3, d&#8217;una manera elegant i sostenible.<\/p>\n<p><img class=\"size-full wp-image-11468 aligncenter\" src=\"https:\/\/www.blipvert.es\/wp-content\/uploads\/20210610_162710.jpg\" alt=\"\" width=\"1155\" height=\"532\" srcset=\"https:\/\/www.blipvert.es\/wp-content\/uploads\/20210610_162710.jpg 1155w, https:\/\/www.blipvert.es\/wp-content\/uploads\/20210610_162710-150x69.jpg 150w, https:\/\/www.blipvert.es\/wp-content\/uploads\/20210610_162710-300x138.jpg 300w, https:\/\/www.blipvert.es\/wp-content\/uploads\/20210610_162710-768x354.jpg 768w\" sizes=\"(max-width: 1155px) 100vw, 1155px\" \/><\/p>\n<p>El servei de manteniment, neteja, fixaci\u00f3 de cartells, i recollida i transport dels residus, \u00e9s a c\u00e0rrec de <a href=\"https:\/\/www.blipvert.es\/minideixalleria\/\">Blipvert Recologics<\/a>, empresa especializada en el server integral de minideixalleries urbanes i qualificada per l&#8217;Ag\u00e8ncia de Residus de la Generalitat de Catalunya pel transport de residus perillosos como ara les piles o les bombetes de baix consum.<\/p>\n<p>REDUEIX, REUTILITZA, i com a \u00faltima opci\u00f3, RECICLA.<\/p>\n<p><a href=\"http:\/\/www.vila-sacra.cat\">http:\/\/www.vila-sacra.cat<\/a><\/p>\n","protected":false},"excerpt":{"rendered":"<p>L&#8217; Ajuntament de Vila-sacra ha instal\u00b7lat una minideixalleria que ja funciona a ple rendiment des d&#8217;aquest mat\u00ed al centre de la vila. Ubicada estrat\u00e8gicament per tal de facilitar el reciclatge de petites deixalles dom\u00e8stiques que [&hellip;]<\/p>\n","protected":false},"author":3,"featured_media":11471,"comment_status":"closed","ping_status":"closed","sticky":false,"template":"","format":"standard","meta":[],"categories":[31],"tags":[],"_links":{"self":[{"href":"https:\/\/www.blipvert.es\/es\/wp-json\/wp\/v2\/posts\/11466"}],"collection":[{"href":"https:\/\/www.blipvert.es\/es\/wp-json\/wp\/v2\/posts"}],"about":[{"href":"https:\/\/www.blipvert.es\/es\/wp-json\/wp\/v2\/types\/post"}],"author":[{"embeddable":true,"href":"https:\/\/www.blipvert.es\/es\/wp-json\/wp\/v2\/users\/3"}],"replies":[{"embeddable":true,"href":"https:\/\/www.blipvert.es\/es\/wp-json\/wp\/v2\/comments?post=11466"}],"version-history":[{"count":15,"href":"https:\/\/www.blipvert.es\/es\/wp-json\/wp\/v2\/posts\/11466\/revisions"}],"predecessor-version":[{"id":12756,"href":"https:\/\/www.blipvert.es\/es\/wp-json\/wp\/v2\/posts\/11466\/revisions\/12756"}],"wp:featuredmedia":[{"embeddable":true,"href":"https:\/\/www.blipvert.es\/es\/wp-json\/wp\/v2\/media\/11471"}],"wp:attachment":[{"href":"https:\/\/www.blipvert.es\/es\/wp-json\/wp\/v2\/media?parent=11466"}],"wp:term":[{"taxonomy":"category","embeddable":true,"href":"https:\/\/www.blipvert.es\/es\/wp-json\/wp\/v2\/categories?post=11466"},{"taxonomy":"post_tag","embeddable":true,"href":"https:\/\/www.blipvert.es\/es\/wp-json\/wp\/v2\/tags?post=11466"}],"curies":[{"name":"wp","href":"https:\/\/api.w.org\/{rel}","templated":true}]}}