{"id":1255,"date":"2015-02-11T10:34:59","date_gmt":"2015-02-11T08:34:59","guid":{"rendered":"https:\/\/www.blipvert.es\/?p=1255"},"modified":"2020-01-23T18:21:42","modified_gmt":"2020-01-23T16:21:42","slug":"augmenta-en-mes-del-doble-la-recollida-selectiva-a-berga-des-que-van-instal-lar-nou-minideixalleries-a-differente-punts-de-la-ciutat","status":"publish","type":"post","link":"https:\/\/www.blipvert.es\/es\/augmenta-en-mes-del-doble-la-recollida-selectiva-a-berga-des-que-van-instal-lar-nou-minideixalleries-a-differente-punts-de-la-ciutat\/","title":{"rendered":"Augmenta al doble la recollida selectiva a Berga (Barcelona) des que van instal.lar les nou minideixalleries"},"content":{"rendered":"<div class=\"row\">\n<div class=\"col-md-12\">\n<div id=\"ez-toc-container\" class=\"ez-toc-v2_0_33 counter-hierarchy ez-toc-grey ez-toc-container-direction\">\n<div class=\"ez-toc-title-container\">\n<p class=\"ez-toc-title\">Contenidos del articulo<\/p>\n<span class=\"ez-toc-title-toggle\"><a href=\"#\" class=\"ez-toc-pull-right ez-toc-btn ez-toc-btn-xs ez-toc-btn-default ez-toc-toggle\" style=\"display: none;\"><label for=\"item\" aria-label=\"Tabla de contenidos\"><i class=\"ez-toc-glyphicon ez-toc-icon-toggle\"><\/i><\/label><input type=\"checkbox\" id=\"item\"><\/a><\/span><\/div>\n<nav><ul class='ez-toc-list ez-toc-list-level-1'><li class='ez-toc-page-1 ez-toc-heading-level-1'><a class=\"ez-toc-link ez-toc-heading-1\" href=\"https:\/\/www.blipvert.es\/es\/augmenta-en-mes-del-doble-la-recollida-selectiva-a-berga-des-que-van-instal-lar-nou-minideixalleries-a-differente-punts-de-la-ciutat\/#La-recollida-selectiva-descombraries-a-Berga-augmenta-dels-270-als-500-kg\" title=\"La recollida selectiva d&#8217;escombraries a Berga augmenta dels 270 als 500 kg\">La recollida selectiva d&#8217;escombraries a Berga augmenta dels 270 als 500 kg<\/a><ul class='ez-toc-list-level-3'><li class='ez-toc-heading-level-3'><ul class='ez-toc-list-level-3'><li class='ez-toc-heading-level-3'><a class=\"ez-toc-link ez-toc-heading-2\" href=\"https:\/\/www.blipvert.es\/es\/augmenta-en-mes-del-doble-la-recollida-selectiva-a-berga-des-que-van-instal-lar-nou-minideixalleries-a-differente-punts-de-la-ciutat\/#Augmenta-considerablement-el-reciclatge-de-piles-bateries-aparells-electronics-i-bombetes\" title=\" Augmenta considerablement el reciclatge de piles, bateries, aparells electr\u00f2nics i bombetes\"> Augmenta considerablement el reciclatge de piles, bateries, aparells electr\u00f2nics i bombetes<\/a><\/li><\/ul><\/li><\/ul><\/li><\/ul><\/nav><\/div>\n<h1 class=\"h2noticia titulocategoria944\"><span class=\"ez-toc-section\" id=\"La-recollida-selectiva-descombraries-a-Berga-augmenta-dels-270-als-500-kg\"><\/span>La recollida selectiva d&#8217;escombraries a Berga augmenta dels 270 als 500 kg<span class=\"ez-toc-section-end\"><\/span><\/h1>\n<h3 class=\"h3noticia\"><span class=\"ez-toc-section\" id=\"Augmenta-considerablement-el-reciclatge-de-piles-bateries-aparells-electronics-i-bombetes\"><\/span><i class=\"fa fa-fw fa-caret-right\"><\/i> Augmenta considerablement el reciclatge de piles, bateries, aparells electr\u00f2nics i bombetes<span class=\"ez-toc-section-end\"><\/span><\/h3>\n<div class=\"categoriadata\">\n<div class=\"data col-md-8 pull-left row\"><span id=\"_markupAutor\">Redacci\u00f3<\/span> <span id=\"txtactualitzatel\" class=\"txtactualitzatel\"><\/span><\/div>\n<\/div>\n<\/div>\n<\/div>\n<div class=\"row\">\n<div class=\"socialsharesnoticia\">\n<div class=\"col-xs-3 text-center socialsharessave\"><\/div>\n<\/div>\n<\/div>\n<div class=\"row\">\n<div class=\"categorieslectura col-md-12\">\n<div class=\"categoria small\">\n<div class=\"row\">\n<div class=\"col-xs-12 llistaetiquetesdesplegada\">Arxivat a: <a href=\"https:\/\/www.naciodigital.cat\/bergueda\/noticies\/944\/territori\/medi\/ambient\">Territori i medi ambient<\/a>, <a href=\"https:\/\/www.naciodigital.cat\/bergueda\/noticies\/etiqueta\/Berga\" target=\"_blank\" rel=\"noopener\">Berga<\/a>, <a href=\"https:\/\/www.naciodigital.cat\/bergueda\/noticies\/etiqueta\/reciclatge\" target=\"_blank\" rel=\"noopener\">reciclatge<\/a>, <a href=\"https:\/\/www.naciodigital.cat\/bergueda\/noticies\/etiqueta\/recollida+selectiva\" target=\"_blank\" rel=\"noopener\">recollida selectiva<\/a>, <a href=\"https:\/\/www.naciodigital.cat\/bergueda\/noticies\/etiqueta\/escombraries\" target=\"_blank\" rel=\"noopener\">escombraries<\/a>, <a href=\"https:\/\/www.naciodigital.cat\/bergueda\/noticies\/etiqueta\/piles\" target=\"_blank\" rel=\"noopener\">piles<\/a>, <a href=\"https:\/\/www.naciodigital.cat\/bergueda\/noticies\/etiqueta\/aparells+electr%C3%B2nics\" target=\"_blank\" rel=\"noopener\">aparells electr\u00f2nics<\/a>, <a href=\"https:\/\/www.naciodigital.cat\/bergueda\/noticies\/etiqueta\/bombetes+de+baix+consum\" target=\"_blank\" rel=\"noopener\">bombetes de baix consum<\/a>, <a href=\"https:\/\/www.naciodigital.cat\/bergueda\/noticies\/etiqueta\/cartutxos\" target=\"_blank\" rel=\"noopener\">cartutxos<\/a>, <a href=\"https:\/\/www.naciodigital.cat\/bergueda\/noticies\/etiqueta\/bateries\" target=\"_blank\" rel=\"noopener\">bateries<\/a><\/div>\n<\/div>\n<\/div>\n<\/div>\n<\/div>\n<div class=\"row\">\n<div class=\"col-md-10 columnatextnoticia\">\n<div class=\"row\">\n<div id=\"_markupCos\" class=\"textnoticia col-md-12\">\n<div class=\"alert alert-info\">Aquesta not\u00edcia es va publicar originalment el 11\/02\/2015 i, per tant, la informaci\u00f3 que hi apareix fa refer\u00e8ncia a la data especificada.<\/div>\n<p>Des de l&#8217;any 2013, el <strong>reciclatge<\/strong> dels residus urbans altament contaminants com, per exemple, discos compactes, DVD&#8217;s, cartutxos d&#8217;impressora, petits aparells el\u00e8ctrics, piles, bateries i bombetes de baix consum, ha augmentat a <strong>Berg<\/strong>a. Concretament, des que es van instal\u00b7lar nou mini deixalleries a diferents punts de la ciutat, la <strong>recollida selectiva<\/strong> ha augmentat en alguns casos m\u00e9s del doble, passant dels 276 quilograms el 2013, als 501 del 2014.<\/p>\n<p>Aquest fet, segons l&#8217;Ajuntament de Berga, denota un increment de la conscienciaci\u00f3 de la ciutadania pel que fa a la necessitat de reciclar, una l\u00ednia que consideren que \u00e9s \u201cun bon s\u00edmptoma\u201d, per\u00f2 sobre la que \u201ccal seguir treballant\u201d.<\/p>\n<p>Els nou punts de recollida de l&#8217;empresa Blipverd estan ubicats a diversos racons estrat\u00e8gics de la ciutat, que faciliten la tasca del reciclatge a la ciutadania. Dos d&#8217;aquests, estan situats al passeig de la Ind\u00fastria, un a l&#8217;al\u00e7ada del carrer Llu\u00eds Millet, i l&#8217;altre a la del carrer Quim Serra. Un tercer punt es pot trobar al passeig Vila de Casserras amb la pla\u00e7a Guernika, i un quart al carrer Gironella amb l&#8217;avinguda Catalunya. N&#8217;hi ha tres m\u00e9s al passeig de la Pau. El primer est\u00e0 a la cantonada amb Pere III, el segon a l&#8217;espai central, amb la cantonada de Gran Via, i un altre a la vora de la pla\u00e7a de la Creu. Els dos darrers estan ubicats al carrer Comte Oliva amb la carretera de Solsona i al carrer \u00a0Clav\u00e9.<\/p>\n<p><strong>Bombetes, piles i aparells<\/strong><\/p>\n<p>L&#8217;augment m\u00e9s significatiu de reciclatge entre el 2013 i el 2014 es troba, b\u00e0sicament, en les piles i bateries, els petits aparells electr\u00f2nics i les bombetes de baix consum. En el primer cas, la recollida s&#8217;ha duplicat, passant de les 6.235 unitats a les 15.250. Pel que fa als aparells d&#8217;electr\u00f2nica, han passat dels 29 quilos als 43, un increment de 250 unitats. I en el cas de les bombetes, la recollida tamb\u00e9 ha estat molt positiva, ja que se n&#8217;han recollit 1.050, quan l&#8217;any anterior nom\u00e9s se n&#8217;havien pogut recol\u00b7lectar 700.<\/p>\n<p>Pel que fa als cartutxos d&#8217;impressora, i als CD&#8217;s i DVD&#8217;s, el reciclatge ha estat m\u00e9s moderat, ja que s&#8217;ha passat dels 27 quilos als 30, en el primer cas, i dels 47 als 53, en el segon.<\/p>\n<p><a href=\"https:\/\/www.naciodigital.cat\/bergueda\/noticia\/1607\/recollida\/selectiva\/escombraries\/berga\/augmenta\/dels\/270\/500\/kg\" target=\"_blank\" rel=\"noopener\">https:\/\/www.naciodigital.cat\/bergueda\/noticia\/1607\/recollida\/selectiva\/escombraries\/berga\/augmenta\/dels\/270\/500\/kg<\/a><\/p>\n<\/div>\n<p><a href=\"http:\/\/www.aquibergueda.cat\/2015\/02\/11\/berga-registra-un-augment-de-recollida-selectiva-despres-de-dos-anys-de-la-implantacio-de-les-mini-deixalleries\/\" target=\"_blank\" rel=\"noopener\">http:\/\/www.aquibergueda.cat\/2015\/02\/11\/berga-registra-un-augment-de-recollida-selectiva-despres-de-dos-anys-de-la-implantacio-de-les-mini-deixalleries\/<\/a><\/p>\n<\/div>\n<\/div>\n<\/div>\n","protected":false},"excerpt":{"rendered":"<p>La recollida selectiva d&#8217;escombraries a Berga augmenta dels 270 als 500 kg Augmenta considerablement el reciclatge de piles, bateries, aparells electr\u00f2nics i bombetes Redacci\u00f3 Arxivat a: Territori i medi ambient, Berga, reciclatge, recollida selectiva, escombraries, [&hellip;]<\/p>\n","protected":false},"author":3,"featured_media":1260,"comment_status":"closed","ping_status":"closed","sticky":false,"template":"","format":"standard","meta":[],"categories":[31],"tags":[],"_links":{"self":[{"href":"https:\/\/www.blipvert.es\/es\/wp-json\/wp\/v2\/posts\/1255"}],"collection":[{"href":"https:\/\/www.blipvert.es\/es\/wp-json\/wp\/v2\/posts"}],"about":[{"href":"https:\/\/www.blipvert.es\/es\/wp-json\/wp\/v2\/types\/post"}],"author":[{"embeddable":true,"href":"https:\/\/www.blipvert.es\/es\/wp-json\/wp\/v2\/users\/3"}],"replies":[{"embeddable":true,"href":"https:\/\/www.blipvert.es\/es\/wp-json\/wp\/v2\/comments?post=1255"}],"version-history":[{"count":4,"href":"https:\/\/www.blipvert.es\/es\/wp-json\/wp\/v2\/posts\/1255\/revisions"}],"predecessor-version":[{"id":1263,"href":"https:\/\/www.blipvert.es\/es\/wp-json\/wp\/v2\/posts\/1255\/revisions\/1263"}],"wp:featuredmedia":[{"embeddable":true,"href":"https:\/\/www.blipvert.es\/es\/wp-json\/wp\/v2\/media\/1260"}],"wp:attachment":[{"href":"https:\/\/www.blipvert.es\/es\/wp-json\/wp\/v2\/media?parent=1255"}],"wp:term":[{"taxonomy":"category","embeddable":true,"href":"https:\/\/www.blipvert.es\/es\/wp-json\/wp\/v2\/categories?post=1255"},{"taxonomy":"post_tag","embeddable":true,"href":"https:\/\/www.blipvert.es\/es\/wp-json\/wp\/v2\/tags?post=1255"}],"curies":[{"name":"wp","href":"https:\/\/api.w.org\/{rel}","templated":true}]}}