{"id":13921,"date":"2022-04-11T19:25:12","date_gmt":"2022-04-11T17:25:12","guid":{"rendered":"https:\/\/www.blipvert.es\/?p=13921"},"modified":"2022-05-04T12:06:09","modified_gmt":"2022-05-04T10:06:09","slug":"fundacion-estrella-de-levante-renueva-su-red-de-compactadoras-de-reciclaje-solidario","status":"publish","type":"post","link":"https:\/\/www.blipvert.es\/es\/fundacion-estrella-de-levante-renueva-su-red-de-compactadoras-de-reciclaje-solidario\/","title":{"rendered":"FUNDACI\u00d3N ESTRELLA DE LEVANTE RENUEVA SU RED DE COMPACTADORAS DE RECICLAJE SOLIDARIO"},"content":{"rendered":"<p class=\"p1\" style=\"text-align: left;\"><span class=\"s1\">AVANZA el compromiso de la <strong>FUNDACI\u00d3N ESTRELLA DE LEVANTE\u00a0<\/strong>con el reciclaje solidario y la econom\u00eda circular. Esta semana, la cervecera murciana ha renovado, \u00a0junto con diferentes Ayuntamientos de la Regi\u00f3n de Murcia, su campa\u00f1a solidaria de reciclaje de latas para el verano de 2022, que ya alcanza un total de 60 compactadoras de latas repartidas por las playas de la costa murciana.<\/span><\/p>\n<p><img class=\"aligncenter wp-image-13929 size-full\" src=\"https:\/\/www.blipvert.es\/wp-content\/uploads\/IMG-20220406-WA0026.jpeg\" alt=\"\" width=\"640\" height=\"480\" srcset=\"https:\/\/www.blipvert.es\/wp-content\/uploads\/IMG-20220406-WA0026.jpeg 640w, https:\/\/www.blipvert.es\/wp-content\/uploads\/IMG-20220406-WA0026-300x225.jpeg 300w, https:\/\/www.blipvert.es\/wp-content\/uploads\/IMG-20220406-WA0026-150x113.jpeg 150w\" sizes=\"(max-width: 640px) 100vw, 640px\" \/><\/p>\n<p>Las Asociaciones encargadas <span class=\"s1\">de gestionar el funcionamiento y el buen uso de <\/span>las compactadoras son\u00a0<strong><a href=\"https:\/\/aidemar.com\"><span class=\"s1\">AIDEMAR<\/span><\/a><\/strong>\u00a0(Asociaci\u00f3n para la integraci\u00f3n del discapacitado de la comarca del mar menor), y\u00a0<strong><a href=\"https:\/\/www.afemac.org\">AFEMAC<\/a><\/strong>\u00a0(Asociaci\u00f3n de familiares y personas con discapacidad), en las localidades de \u00c1guilas y Mazarr\u00f3n: un trabajo remunerado al que se suma el importe que se recauda por el aluminio.<\/p>\n<p class=\"p1\" style=\"text-align: left;\"><img class=\"size-medium wp-image-13926 aligncenter\" src=\"https:\/\/www.blipvert.es\/wp-content\/uploads\/Unknown-23-300x127.jpeg\" alt=\"\" width=\"300\" height=\"127\" srcset=\"https:\/\/www.blipvert.es\/wp-content\/uploads\/Unknown-23-300x127.jpeg 300w, https:\/\/www.blipvert.es\/wp-content\/uploads\/Unknown-23-150x63.jpeg 150w, https:\/\/www.blipvert.es\/wp-content\/uploads\/Unknown-23.jpeg 346w\" sizes=\"(max-width: 300px) 100vw, 300px\" \/><img class=\"size-medium wp-image-13923 aligncenter\" src=\"https:\/\/www.blipvert.es\/wp-content\/uploads\/logo-aidemar-1-300x210.jpg\" alt=\"\" width=\"300\" height=\"210\" srcset=\"https:\/\/www.blipvert.es\/wp-content\/uploads\/logo-aidemar-1-300x210.jpg 300w, https:\/\/www.blipvert.es\/wp-content\/uploads\/logo-aidemar-1-150x105.jpg 150w, https:\/\/www.blipvert.es\/wp-content\/uploads\/logo-aidemar-1-768x537.jpg 768w, https:\/\/www.blipvert.es\/wp-content\/uploads\/logo-aidemar-1.jpg 1123w\" sizes=\"(max-width: 300px) 100vw, 300px\" \/><br \/>\nEl objetivo principal de la <strong><a href=\"https:\/\/www.estrelladelevante.es\/es\/actualidad\/la-fundacion-estrella-de-levante-nace-con-la-puesta-en-marcha-de-una-limpieza-de-fondos-marinos-en-el-mar-menor\">FUNDACI\u00d3N ESTRELLA DE LEVANTE<\/a>\u00a0<\/strong>es doble: concienciar a la poblaci\u00f3n sobre la necesidad de reciclar los envases que consumimos, y la creaci\u00f3n de riqueza para fines sociales.<\/p>\n<p class=\"p1\"><span class=\"s1\">\u201cReciclando, ayudamos todos, y damos la oportunidad de realizar un trabajo a un colectivo que ya se encarga de la limpieza de las playas del Mar Menor\u201d asegura Juan Antonio Abad\u00eda, director t\u00e9cnico de Estrella de Levante. Una iniciativa, que como afirma el director de comunicaci\u00f3n Yayo Delgado, \u201cdemuestra nuestro compromiso con la sostenibilidad, la integraci\u00f3n social, y la econom\u00eda circular\u201d.<\/span><\/p>\n<p><img class=\"wp-image-13956 size-full aligncenter\" src=\"https:\/\/www.blipvert.es\/wp-content\/uploads\/IMG-20220409-WA0000.jpeg\" alt=\"\" width=\"640\" height=\"480\" srcset=\"https:\/\/www.blipvert.es\/wp-content\/uploads\/IMG-20220409-WA0000.jpeg 640w, https:\/\/www.blipvert.es\/wp-content\/uploads\/IMG-20220409-WA0000-300x225.jpeg 300w, https:\/\/www.blipvert.es\/wp-content\/uploads\/IMG-20220409-WA0000-150x113.jpeg 150w\" sizes=\"(max-width: 640px) 100vw, 640px\" \/><br \/>\nLas latas de aluminio, hoy en d\u00eda, necesitan el 40% menos de metal que las latas que se fabricaban hace 25 a\u00f1os, y menos energ\u00eda y materia prima. Es un residuo de f\u00e1cil manejo, ligero, que no se rompe, no arde, y no se oxida. Se compacta f\u00e1cilmente y tiene importantes ventajas ya que el aluminio puede ser reciclado sin disminuir su calidad ni cantidad.<\/p>\n<p><img class=\"aligncenter wp-image-13938 size-full\" src=\"https:\/\/www.blipvert.es\/wp-content\/uploads\/IMG-20220409-WA0004-rotated.jpeg\" alt=\"\" width=\"640\" height=\"480\" srcset=\"https:\/\/www.blipvert.es\/wp-content\/uploads\/IMG-20220409-WA0004-rotated.jpeg 640w, https:\/\/www.blipvert.es\/wp-content\/uploads\/IMG-20220409-WA0004-300x225.jpeg 300w, https:\/\/www.blipvert.es\/wp-content\/uploads\/IMG-20220409-WA0004-150x113.jpeg 150w\" sizes=\"(max-width: 640px) 100vw, 640px\" \/><\/p>\n<ul>\n<li class=\"p1\"><span class=\"s1\"><b>Los usuarios de AIDEMAR y AFEMAC ser\u00e1n los encargados de mantener y gestionar las compactadoras de latas, y adem\u00e1s cobrar\u00e1n 1 euro por cada kilogramo de aluminio que recuperen.<\/b><\/span><\/li>\n<\/ul>\n<p><img class=\"aligncenter wp-image-13941 size-full\" src=\"https:\/\/www.blipvert.es\/wp-content\/uploads\/IMG-20220409-WA0019-rotated.jpeg\" alt=\"\" width=\"640\" height=\"480\" srcset=\"https:\/\/www.blipvert.es\/wp-content\/uploads\/IMG-20220409-WA0019-rotated.jpeg 640w, https:\/\/www.blipvert.es\/wp-content\/uploads\/IMG-20220409-WA0019-300x225.jpeg 300w, https:\/\/www.blipvert.es\/wp-content\/uploads\/IMG-20220409-WA0019-150x113.jpeg 150w\" sizes=\"(max-width: 640px) 100vw, 640px\" \/><\/p>\n<p class=\"p1\"><span class=\"s1\">A trav\u00e9s de un simple gesto, que viene explicado en la parte superior del compactador, cualquier ciudadano podr\u00e1 reciclar las latas que consuma.<\/span><\/p>\n<p class=\"p1\"><img class=\"aligncenter wp-image-13947 size-full\" src=\"https:\/\/www.blipvert.es\/wp-content\/uploads\/IMG-20220406-WA0040.jpeg\" alt=\"\" width=\"640\" height=\"480\" srcset=\"https:\/\/www.blipvert.es\/wp-content\/uploads\/IMG-20220406-WA0040.jpeg 640w, https:\/\/www.blipvert.es\/wp-content\/uploads\/IMG-20220406-WA0040-300x225.jpeg 300w, https:\/\/www.blipvert.es\/wp-content\/uploads\/IMG-20220406-WA0040-150x113.jpeg 150w\" sizes=\"(max-width: 640px) 100vw, 640px\" \/><\/p>\n<p class=\"p1\"><span class=\"s1\">Una tarea que las asociaciones consideran \u201cmotivadora para los usuarios ya que promueve su integraci\u00f3n y les ayuda a desarrollar el sentido de la responsabilidad y el compromiso con el medio ambiente\u201d.\u00a0<\/span><\/p>\n<p><img class=\"aligncenter wp-image-13944 size-full\" src=\"https:\/\/www.blipvert.es\/wp-content\/uploads\/IMG-20220409-WA0005-rotated.jpeg\" alt=\"\" width=\"640\" height=\"480\" srcset=\"https:\/\/www.blipvert.es\/wp-content\/uploads\/IMG-20220409-WA0005-rotated.jpeg 640w, https:\/\/www.blipvert.es\/wp-content\/uploads\/IMG-20220409-WA0005-300x225.jpeg 300w, https:\/\/www.blipvert.es\/wp-content\/uploads\/IMG-20220409-WA0005-150x113.jpeg 150w\" sizes=\"(max-width: 640px) 100vw, 640px\" \/><\/p>\n<p style=\"text-align: center;\">Reduce, reutiliza, y como \u00faltima opci\u00f3n, recicla.<\/p>\n<p class=\"p1\" style=\"text-align: center;\"><a href=\"https:\/\/www.blipvert.es\/es\/minipuntolimpio\/\">Blipvert Recologics, 2022<\/a><\/p>\n","protected":false},"excerpt":{"rendered":"<p>AVANZA el compromiso de la FUNDACI\u00d3N ESTRELLA DE LEVANTE\u00a0con el reciclaje solidario y la econom\u00eda circular. Esta semana, la cervecera murciana ha renovado, \u00a0junto con diferentes Ayuntamientos de la Regi\u00f3n de Murcia, su campa\u00f1a solidaria [&hellip;]<\/p>\n","protected":false},"author":3,"featured_media":13960,"comment_status":"closed","ping_status":"closed","sticky":false,"template":"","format":"standard","meta":[],"categories":[74],"tags":[],"_links":{"self":[{"href":"https:\/\/www.blipvert.es\/es\/wp-json\/wp\/v2\/posts\/13921"}],"collection":[{"href":"https:\/\/www.blipvert.es\/es\/wp-json\/wp\/v2\/posts"}],"about":[{"href":"https:\/\/www.blipvert.es\/es\/wp-json\/wp\/v2\/types\/post"}],"author":[{"embeddable":true,"href":"https:\/\/www.blipvert.es\/es\/wp-json\/wp\/v2\/users\/3"}],"replies":[{"embeddable":true,"href":"https:\/\/www.blipvert.es\/es\/wp-json\/wp\/v2\/comments?post=13921"}],"version-history":[{"count":4,"href":"https:\/\/www.blipvert.es\/es\/wp-json\/wp\/v2\/posts\/13921\/revisions"}],"predecessor-version":[{"id":13964,"href":"https:\/\/www.blipvert.es\/es\/wp-json\/wp\/v2\/posts\/13921\/revisions\/13964"}],"wp:featuredmedia":[{"embeddable":true,"href":"https:\/\/www.blipvert.es\/es\/wp-json\/wp\/v2\/media\/13960"}],"wp:attachment":[{"href":"https:\/\/www.blipvert.es\/es\/wp-json\/wp\/v2\/media?parent=13921"}],"wp:term":[{"taxonomy":"category","embeddable":true,"href":"https:\/\/www.blipvert.es\/es\/wp-json\/wp\/v2\/categories?post=13921"},{"taxonomy":"post_tag","embeddable":true,"href":"https:\/\/www.blipvert.es\/es\/wp-json\/wp\/v2\/tags?post=13921"}],"curies":[{"name":"wp","href":"https:\/\/api.w.org\/{rel}","templated":true}]}}