{"id":14469,"date":"2022-07-25T10:03:13","date_gmt":"2022-07-25T08:03:13","guid":{"rendered":"https:\/\/www.blipvert.es\/?p=14469"},"modified":"2023-05-11T19:10:58","modified_gmt":"2023-05-11T17:10:58","slug":"dos-mini-puntos-limpios-para-residuos-especiales-en-salceda","status":"publish","type":"post","link":"https:\/\/www.blipvert.es\/es\/dos-mini-puntos-limpios-para-residuos-especiales-en-salceda\/","title":{"rendered":"DOS MINI PUNTOS LIMPIOS PARA RESIDUOS ESPECIALES EN SALCEDA"},"content":{"rendered":"<div class=\"article-header\"><\/div>\n<div class=\"row\">\n<div class=\"content-col col-12 col-lg stick\">\n<div class=\"smart-sticky\">\n<article id=\"article-925785\" class=\"article-925785 format category-72\">\n<div class=\"metadata-body metadata-body-start\">\n<div class=\"row\">El Concello \u00a0incorpora dos peque\u00f1os contenedores en el casco urbano, uno en la calle Pontevedra y otro entre Plaza de Abastos y Praza da Devesa. La alcaldesa de Salceda de Caselas, Ver\u00f3nica Tour\u00f3n, junto al concejal de Medio Ambiente \u00a0Rub\u00e9n Gonz\u00e1lez, presentaban ayer dos \u2018mini puntos\u2019 limpios fijos que se acaban de instalar en el casco urbano.<\/div>\n<div><\/div>\n<div><img class=\"aligncenter wp-image-14470 size-full\" src=\"https:\/\/www.blipvert.es\/wp-content\/uploads\/f8e7c0bb-3402-4fbf-9ab2-995ac2fa82b9_21-9-aspect-ratio_default_0.jpg\" alt=\"\" width=\"1280\" height=\"548\" srcset=\"https:\/\/www.blipvert.es\/wp-content\/uploads\/f8e7c0bb-3402-4fbf-9ab2-995ac2fa82b9_21-9-aspect-ratio_default_0.jpg 1280w, https:\/\/www.blipvert.es\/wp-content\/uploads\/f8e7c0bb-3402-4fbf-9ab2-995ac2fa82b9_21-9-aspect-ratio_default_0-300x128.jpg 300w, https:\/\/www.blipvert.es\/wp-content\/uploads\/f8e7c0bb-3402-4fbf-9ab2-995ac2fa82b9_21-9-aspect-ratio_default_0-150x64.jpg 150w, https:\/\/www.blipvert.es\/wp-content\/uploads\/f8e7c0bb-3402-4fbf-9ab2-995ac2fa82b9_21-9-aspect-ratio_default_0-768x329.jpg 768w\" sizes=\"(max-width: 1280px) 100vw, 1280px\" \/><\/div>\n<\/div>\n<div class=\"content-data\">\n<div class=\"content-body inner-article-data\">\n<div id=\"body001-925785\" class=\"body condado-lourina\">\n<p data-pstyle=\"Txt_01_Sangria\">\u00a0A partir de ahora, ambos \u00a0mini puntos limpios servir\u00e1n para que los vecinos puedan depositar hasta siete tipos diferentes de residuos especiales como c\u00e1psulas de caf\u00e9, pilas, bombillas, CD, DVD, cartuchos de impresora, Raess (aparatos el\u00e9ctricos y electr\u00f3nicos, sus materiales componentes,\u00a0y tel\u00e9fonos m\u00f3viles), entre otros. Por lo tanto, estos \u00a0dos contenedores de recogida ayudar\u00e1n a realizar un correcto reciclado de este tipo de residuos que son altamente contaminantes y que, en muchos casos, no se \u00a0podr\u00edan reciclar de forma correcta en los hogares o establecimientos.<\/p>\n<p data-pstyle=\"Txt_01_Sangria\">Adem\u00e1s, los dos peque\u00f1os contenedores indican de forma gr\u00e1fica y sencilla, en que lugar se deben depositar cada uno de los residuos, y proporcionar\u00e1n \u00a0a las personas que los utilicen, informaci\u00f3n medioambiental para conocer su proceso de reciclaje.<\/p>\n<p data-pstyle=\"Txt_01_Sangria\">En lo que respecta a la parte frontal de los mini puntos limpios, ser\u00e1 utilizada por la concejal\u00eda de Comercio de la que es responsable la propia alcaldesa, Ver\u00f3nica Tour\u00f3n, como panel de informaci\u00f3n promocional sobre las actividades comerciales que se ir\u00e1n poniendo en marcha en Salceda para, de este modo, darles una mayor cobertura tanto al sector comercial como a la hosteler\u00eda. \u201cEste modelo de mini puntos permite unha xesti\u00f3n de residuos m\u00e1is responsable e ao mesmo tempo serve para promocionar a actividade comercial local, dun xeito din\u00e1mico, integrada no mobiliario urb\u00e1n do noso concello\u201d, explica la alcaldesa a este respecto. El concejal de Medio Ambiente por su parte, se\u00f1ala que, \u201ccoa instalaci\u00f3n destes mini puntos limpos damos un paso m\u00e1is cara \u00e1 innovaci\u00f3n dentro do sistema de recollida de residuos do Concello de Salceda, logrando integrar dunha forma amable os puntos de recollida dentro da contorna urbana\u201d.<\/p>\n<p data-pstyle=\"Txt_01_Sangria\"><img class=\"aligncenter wp-image-16957 size-full\" src=\"https:\/\/www.blipvert.es\/wp-content\/uploads\/NEA-Salceda.jpg\" alt=\"\" width=\"1024\" height=\"640\" srcset=\"https:\/\/www.blipvert.es\/wp-content\/uploads\/NEA-Salceda.jpg 1024w, https:\/\/www.blipvert.es\/wp-content\/uploads\/NEA-Salceda-300x188.jpg 300w, https:\/\/www.blipvert.es\/wp-content\/uploads\/NEA-Salceda-150x94.jpg 150w, https:\/\/www.blipvert.es\/wp-content\/uploads\/NEA-Salceda-768x480.jpg 768w\" sizes=\"(max-width: 1024px) 100vw, 1024px\" \/><\/p>\n<p data-pstyle=\"Txt_01_Sangria\">Enlaces a la noticia original en medios de comunicaci\u00f3n:<\/p>\n<p><a href=\"https:\/\/www.atlantico.net\/articulo\/condado-lourina\/mini-puntos-limpios-residuos-especiales-salceda\/20220710000557925785.html\">https:\/\/www.atlantico.net\/articulo\/condado-lourina\/mini-puntos-limpios-residuos-especiales-salceda\/20220710000557925785.html<\/a><\/p>\n<\/div>\n<\/div>\n<\/div>\n<\/article>\n<\/div>\n<\/div>\n<\/div>\n<p><a href=\"https:\/\/www.farodevigo.es\/comarcas\/2022\/07\/10\/salceda-instala-minipuntos-limpios-residuos-68168870.html\">https:\/\/www.farodevigo.es\/comarcas\/2022\/07\/10\/salceda-instala-minipuntos-limpios-residuos-68168870.html<\/a><\/p>\n<p><a href=\"https:\/\/theworldnews.net\/es-news\/dos-mini-puntos-limpios-para-residuos-especiales-en-salceda\">https:\/\/theworldnews.net\/es-news\/dos-mini-puntos-limpios-para-residuos-especiales-en-salceda<\/a><\/p>\n","protected":false},"excerpt":{"rendered":"<p>El Concello \u00a0incorpora dos peque\u00f1os contenedores en el casco urbano, uno en la calle Pontevedra y otro entre Plaza de Abastos y Praza da Devesa. La alcaldesa de Salceda de Caselas, Ver\u00f3nica Tour\u00f3n, junto al [&hellip;]<\/p>\n","protected":false},"author":3,"featured_media":16957,"comment_status":"closed","ping_status":"closed","sticky":false,"template":"","format":"standard","meta":[],"categories":[61],"tags":[],"_links":{"self":[{"href":"https:\/\/www.blipvert.es\/es\/wp-json\/wp\/v2\/posts\/14469"}],"collection":[{"href":"https:\/\/www.blipvert.es\/es\/wp-json\/wp\/v2\/posts"}],"about":[{"href":"https:\/\/www.blipvert.es\/es\/wp-json\/wp\/v2\/types\/post"}],"author":[{"embeddable":true,"href":"https:\/\/www.blipvert.es\/es\/wp-json\/wp\/v2\/users\/3"}],"replies":[{"embeddable":true,"href":"https:\/\/www.blipvert.es\/es\/wp-json\/wp\/v2\/comments?post=14469"}],"version-history":[{"count":5,"href":"https:\/\/www.blipvert.es\/es\/wp-json\/wp\/v2\/posts\/14469\/revisions"}],"predecessor-version":[{"id":16961,"href":"https:\/\/www.blipvert.es\/es\/wp-json\/wp\/v2\/posts\/14469\/revisions\/16961"}],"wp:featuredmedia":[{"embeddable":true,"href":"https:\/\/www.blipvert.es\/es\/wp-json\/wp\/v2\/media\/16957"}],"wp:attachment":[{"href":"https:\/\/www.blipvert.es\/es\/wp-json\/wp\/v2\/media?parent=14469"}],"wp:term":[{"taxonomy":"category","embeddable":true,"href":"https:\/\/www.blipvert.es\/es\/wp-json\/wp\/v2\/categories?post=14469"},{"taxonomy":"post_tag","embeddable":true,"href":"https:\/\/www.blipvert.es\/es\/wp-json\/wp\/v2\/tags?post=14469"}],"curies":[{"name":"wp","href":"https:\/\/api.w.org\/{rel}","templated":true}]}}