{"id":15409,"date":"2022-11-29T19:59:32","date_gmt":"2022-11-29T17:59:32","guid":{"rendered":"https:\/\/www.blipvert.es\/?p=15409"},"modified":"2022-11-29T20:04:26","modified_gmt":"2022-11-29T18:04:26","slug":"les-minideixalleries-per-reciclar-miniresidus-arriben-a-sant-feliu-de-codines-valles-oriental","status":"publish","type":"post","link":"https:\/\/www.blipvert.es\/es\/les-minideixalleries-per-reciclar-miniresidus-arriben-a-sant-feliu-de-codines-valles-oriental\/","title":{"rendered":"LES MINIDEIXALLERIES PER RECICLAR MINIRESIDUS ARRIBEN A SANT FELIU DE CODINES (VALL\u00c8S ORIENTAL)"},"content":{"rendered":"<p>Sant Feliu de Codines instal\u00b7la una minideixalleria per facilitar el reciclatge de residus especials.\u00a0S&#8217;hi poden dipositar petits elements electr\u00f2nics que han acabat la seva vida \u00fatil.<\/p>\n<p><img class=\"aligncenter wp-image-15417 size-full\" src=\"https:\/\/www.blipvert.es\/wp-content\/uploads\/20221129_183542.jpg\" alt=\"\" width=\"2010\" height=\"926\" srcset=\"https:\/\/www.blipvert.es\/wp-content\/uploads\/20221129_183542.jpg 2010w, https:\/\/www.blipvert.es\/wp-content\/uploads\/20221129_183542-300x138.jpg 300w, https:\/\/www.blipvert.es\/wp-content\/uploads\/20221129_183542-1280x590.jpg 1280w, https:\/\/www.blipvert.es\/wp-content\/uploads\/20221129_183542-150x69.jpg 150w, https:\/\/www.blipvert.es\/wp-content\/uploads\/20221129_183542-768x354.jpg 768w, https:\/\/www.blipvert.es\/wp-content\/uploads\/20221129_183542-1536x708.jpg 1536w\" sizes=\"(max-width: 2010px) 100vw, 2010px\" \/><\/p>\n<p>La Regidoria de Medi Ambient de l\u2019Ajuntament de Sant Feliu de Codines ha volgut fer un pas m\u00e9s en la millora de la gesti\u00f3 dels residus municipals instal\u00b7lant una minideixalleria a la via p\u00fablica per facilitar el reciclatge de residus de petit format que no es poden dipositar als contenidors.<br \/>\nEls residus que s&#8217;hi poden dipositar s\u00f3n, principalment, elements electr\u00f2nics que ja han acabat la seva vida \u00fatil: cd, t\u00f2ners o cartutxos d&#8217;impressora, petits aparells el\u00e8ctrics o electr\u00f2nics, piles i bateries o bombetes de baix consum i LED.<\/p>\n<p><img class=\"aligncenter wp-image-15420 size-full\" src=\"https:\/\/www.blipvert.es\/wp-content\/uploads\/IMG-20221129-WA0018.jpg\" alt=\"\" width=\"2048\" height=\"945\" srcset=\"https:\/\/www.blipvert.es\/wp-content\/uploads\/IMG-20221129-WA0018.jpg 2048w, https:\/\/www.blipvert.es\/wp-content\/uploads\/IMG-20221129-WA0018-300x138.jpg 300w, https:\/\/www.blipvert.es\/wp-content\/uploads\/IMG-20221129-WA0018-1280x591.jpg 1280w, https:\/\/www.blipvert.es\/wp-content\/uploads\/IMG-20221129-WA0018-150x69.jpg 150w, https:\/\/www.blipvert.es\/wp-content\/uploads\/IMG-20221129-WA0018-768x354.jpg 768w, https:\/\/www.blipvert.es\/wp-content\/uploads\/IMG-20221129-WA0018-1536x709.jpg 1536w\" sizes=\"(max-width: 2048px) 100vw, 2048px\" \/><\/p>\n<p>Els residus que cal portar a la minideixalleria requereixen un tractament especial per les seves caracter\u00edstiques i per aix\u00f2 no es poden llan\u00e7ar als contenidors que hi ha al carrer. Elements com les piles o les bateries poden tenir productes qu\u00edmics que mal tractats tenen un gran impacte sobre les persones, la fauna i la flora.<\/p>\n<p><img class=\"aligncenter wp-image-15414 size-full\" src=\"https:\/\/www.blipvert.es\/wp-content\/uploads\/20221129_183749.jpg\" alt=\"\" width=\"2012\" height=\"928\" srcset=\"https:\/\/www.blipvert.es\/wp-content\/uploads\/20221129_183749.jpg 2012w, https:\/\/www.blipvert.es\/wp-content\/uploads\/20221129_183749-300x138.jpg 300w, https:\/\/www.blipvert.es\/wp-content\/uploads\/20221129_183749-1280x590.jpg 1280w, https:\/\/www.blipvert.es\/wp-content\/uploads\/20221129_183749-150x69.jpg 150w, https:\/\/www.blipvert.es\/wp-content\/uploads\/20221129_183749-768x354.jpg 768w, https:\/\/www.blipvert.es\/wp-content\/uploads\/20221129_183749-1536x708.jpg 1536w\" sizes=\"(max-width: 2012px) 100vw, 2012px\" \/><\/p>\n<p>L&#8217;empresa que gestiona els residus al municipi aplegar\u00e0 separadament la brossa al punt de recollida i la portar\u00e0 fins a la deixalleria municipal que la derivar\u00e0 cap a les plantes corresponents per al seu tractament adequat.<\/p>\n<p style=\"text-align: center;\">Redueix, reutilitza, i com a \u00faltima opci\u00f3, recicla.<br \/>\nPoder veure la not\u00edcia original a les xxss de l&#8217;Ajuntament de Sant Feliu de Codines.<\/p>\n","protected":false},"excerpt":{"rendered":"<p>Sant Feliu de Codines instal\u00b7la una minideixalleria per facilitar el reciclatge de residus especials.\u00a0S&#8217;hi poden dipositar petits elements electr\u00f2nics que han acabat la seva vida \u00fatil. La Regidoria de Medi Ambient de l\u2019Ajuntament de Sant [&hellip;]<\/p>\n","protected":false},"author":3,"featured_media":15417,"comment_status":"closed","ping_status":"closed","sticky":false,"template":"","format":"standard","meta":[],"categories":[31],"tags":[],"_links":{"self":[{"href":"https:\/\/www.blipvert.es\/es\/wp-json\/wp\/v2\/posts\/15409"}],"collection":[{"href":"https:\/\/www.blipvert.es\/es\/wp-json\/wp\/v2\/posts"}],"about":[{"href":"https:\/\/www.blipvert.es\/es\/wp-json\/wp\/v2\/types\/post"}],"author":[{"embeddable":true,"href":"https:\/\/www.blipvert.es\/es\/wp-json\/wp\/v2\/users\/3"}],"replies":[{"embeddable":true,"href":"https:\/\/www.blipvert.es\/es\/wp-json\/wp\/v2\/comments?post=15409"}],"version-history":[{"count":2,"href":"https:\/\/www.blipvert.es\/es\/wp-json\/wp\/v2\/posts\/15409\/revisions"}],"predecessor-version":[{"id":15423,"href":"https:\/\/www.blipvert.es\/es\/wp-json\/wp\/v2\/posts\/15409\/revisions\/15423"}],"wp:featuredmedia":[{"embeddable":true,"href":"https:\/\/www.blipvert.es\/es\/wp-json\/wp\/v2\/media\/15417"}],"wp:attachment":[{"href":"https:\/\/www.blipvert.es\/es\/wp-json\/wp\/v2\/media?parent=15409"}],"wp:term":[{"taxonomy":"category","embeddable":true,"href":"https:\/\/www.blipvert.es\/es\/wp-json\/wp\/v2\/categories?post=15409"},{"taxonomy":"post_tag","embeddable":true,"href":"https:\/\/www.blipvert.es\/es\/wp-json\/wp\/v2\/tags?post=15409"}],"curies":[{"name":"wp","href":"https:\/\/api.w.org\/{rel}","templated":true}]}}