{"id":1554,"date":"2017-01-04T14:57:47","date_gmt":"2017-01-04T12:57:47","guid":{"rendered":"https:\/\/www.blipvert.es\/?p=1554"},"modified":"2020-01-23T18:18:20","modified_gmt":"2020-01-23T16:18:20","slug":"viu-la-passada-dels-tres-tombs-des-dun-carro-amb-cerdanyola-al-dia-i-les-minideixalleries","status":"publish","type":"post","link":"https:\/\/www.blipvert.es\/es\/viu-la-passada-dels-tres-tombs-des-dun-carro-amb-cerdanyola-al-dia-i-les-minideixalleries\/","title":{"rendered":"VIU LA PASSADA DELS TRES TOMBS DES D&#8217;UN CARRO AMB &#8216;CERDANYOLA AL DIA&#8217; I LES MINIDEIXALLERIES"},"content":{"rendered":"<header>\n<h2><img class=\"size-medium wp-image-1555 aligncenter\" src=\"https:\/\/www.blipvert.es\/wp-content\/uploads\/phpThumb_generated_thumbnail-11-300x215.jpg\" alt=\"\" width=\"300\" height=\"215\" srcset=\"https:\/\/www.blipvert.es\/wp-content\/uploads\/phpThumb_generated_thumbnail-11-300x215.jpg 300w, https:\/\/www.blipvert.es\/wp-content\/uploads\/phpThumb_generated_thumbnail-11-150x108.jpg 150w, https:\/\/www.blipvert.es\/wp-content\/uploads\/phpThumb_generated_thumbnail-11.jpg 550w\" sizes=\"(max-width: 300px) 100vw, 300px\" \/><\/h2>\n<\/header>\n<div class=\"itemBody\">\n<div class=\"itemIntroText\">\n<p>Vuit infants de la ciutat tindran l\u2019oportunitat de participar a la passada dels Tres Tombs que tindr\u00e0 lloc el proper diumenge 15 de gener (12 hores) al carro del Cerdanyola al Dia. Com a mostra de suport a la cultura tradicional, aquesta publicaci\u00f3 comptar\u00e0 enguany amb un carro per sumar-se aix\u00ed a un dels actes m\u00e9s multitudinaris que se celebren a la ciutat. Si tens entre 3 i 12 anys i vols participar a la passada nom\u00e9s <strong>has de fer-te una foto a la minideixalleria de l\u2019avinguda Catalunya cantonada amb avinguda Primavera (la de la imatge de la dreta) i enviar-la, amb el teu nom i cognoms, al correu electr\u00f2nic <span id=\"cloak79495\"><a href=\"mailto:cerdanyola@al-dia.com\">cerdanyola@al-dia.com<\/a><\/span>.<\/strong> Els vuits primers correus que rebem seran els afortunats que viuran la passada en primera persona. Els guanyadors es faran p\u00fablics en la revista del dimecres 11. Molta sort!<\/p>\n<p>L\u2019any passat m\u00e9s de 40 carruatges, des de petites llimoneres de passeig als grans carros de c\u00e0rrega i de pag\u00e8s, van omplir els carrers de la ciutat en una desfilada que tornava a recuperar les arrels d\u2019una ciutat ja perduda, la Cerdanyola pagesa.<\/p>\n<\/div>\n<\/div>\n<p><a href=\"http:\/\/www.cerdanyolaaldia.com\/ciutat\/itemlist\/date\/2017\/1\/3?catid=36\" target=\"_blank\" rel=\"noopener\">http:\/\/www.cerdanyolaaldia.com\/ciutat\/itemlist\/date\/2017\/1\/3?catid=36<\/a><\/p>\n","protected":false},"excerpt":{"rendered":"<p>Vuit infants de la ciutat tindran l\u2019oportunitat de participar a la passada dels Tres Tombs que tindr\u00e0 lloc el proper diumenge 15 de gener (12 hores) al carro del Cerdanyola al Dia. Com a mostra [&hellip;]<\/p>\n","protected":false},"author":3,"featured_media":1555,"comment_status":"closed","ping_status":"closed","sticky":false,"template":"","format":"standard","meta":[],"categories":[31],"tags":[],"_links":{"self":[{"href":"https:\/\/www.blipvert.es\/es\/wp-json\/wp\/v2\/posts\/1554"}],"collection":[{"href":"https:\/\/www.blipvert.es\/es\/wp-json\/wp\/v2\/posts"}],"about":[{"href":"https:\/\/www.blipvert.es\/es\/wp-json\/wp\/v2\/types\/post"}],"author":[{"embeddable":true,"href":"https:\/\/www.blipvert.es\/es\/wp-json\/wp\/v2\/users\/3"}],"replies":[{"embeddable":true,"href":"https:\/\/www.blipvert.es\/es\/wp-json\/wp\/v2\/comments?post=1554"}],"version-history":[{"count":2,"href":"https:\/\/www.blipvert.es\/es\/wp-json\/wp\/v2\/posts\/1554\/revisions"}],"predecessor-version":[{"id":1559,"href":"https:\/\/www.blipvert.es\/es\/wp-json\/wp\/v2\/posts\/1554\/revisions\/1559"}],"wp:featuredmedia":[{"embeddable":true,"href":"https:\/\/www.blipvert.es\/es\/wp-json\/wp\/v2\/media\/1555"}],"wp:attachment":[{"href":"https:\/\/www.blipvert.es\/es\/wp-json\/wp\/v2\/media?parent=1554"}],"wp:term":[{"taxonomy":"category","embeddable":true,"href":"https:\/\/www.blipvert.es\/es\/wp-json\/wp\/v2\/categories?post=1554"},{"taxonomy":"post_tag","embeddable":true,"href":"https:\/\/www.blipvert.es\/es\/wp-json\/wp\/v2\/tags?post=1554"}],"curies":[{"name":"wp","href":"https:\/\/api.w.org\/{rel}","templated":true}]}}