{"id":15672,"date":"2023-01-04T10:41:47","date_gmt":"2023-01-04T08:41:47","guid":{"rendered":"https:\/\/www.blipvert.es\/?p=15672"},"modified":"2023-01-18T19:44:54","modified_gmt":"2023-01-18T17:44:54","slug":"baena-ya-dispone-de-cuatro-minipuntos-limpios-para-la-recogida-selectiva-de-miniresiduos","status":"publish","type":"post","link":"https:\/\/www.blipvert.es\/es\/baena-ya-dispone-de-cuatro-minipuntos-limpios-para-la-recogida-selectiva-de-miniresiduos\/","title":{"rendered":"BAENA YA DISPONE DE CUATRO MINIPUNTOS LIMPIOS PARA LA RECOGIDA SELECTIVA DE MINIRESIDUOS"},"content":{"rendered":"<section class=\"nws-data\">El concejal de Medio Ambiente en el Ayuntamiento de Baena, Juan Jos\u00e9 Castro, ha informado de que el municipio va a contar a partir del pr\u00f3ximo mes de <strong class=\"mce\">diciembre <\/strong>con <strong class=\"mce\">cuatro <a href=\"https:\/\/www.blipvert.es\/es\/minipuntolimpio\/\">mini puntos limpios<\/a><\/strong> que van a estar destinados al reciclaje de <strong class=\"mce\">peque\u00f1os electrodom\u00e9sticos<\/strong>, m\u00f3viles, pilas o cargadores y que van a tener como objetivo que el ciudadano no tenga que desplazarse hasta el punto limpio de El Portichuelo.<\/section>\n<div class=\"mce-body \">\n<p class=\"mce\">Castro ha detallado que tres de estos mini puntos limpios se van a instalar en Baena, concretamente en la <strong class=\"mce\">calle Salvador Mu\u00f1oz<\/strong> junto a la biblioteca municipal, en la <strong class=\"mce\">plaza de la Constituci\u00f3n<\/strong> y en el<strong class=\"mce\"> casco hist\u00f3rico<\/strong> en una zona a\u00fan por determinar, mientras que el cuarto se va a colocar en la plaza de Andaluc\u00eda de <strong class=\"mce\">Albend\u00edn<\/strong>, junto al Ayuntamiento.<\/p>\n<p class=\"mce\">Este anuncio del concejal de Medio Ambiente ha tenido lugar con motivo de la presentaci\u00f3n de la nueva campa\u00f1a de la RAEE <em class=\"mce\">Dona vida al planeta<\/em>, a trav\u00e9s de la cual la Junta de Andaluc\u00eda pretende \u201calargar la vida de los electrodom\u00e9sticos y aparatos tecnol\u00f3gicos y poder reciclarlos cuando finalicen su vida \u00fatil\u201d, ha explicado Castro.<\/p>\n<p class=\"mce\">De igual forma, uno de los informadores de la campa\u00f1a, Antero Ca\u00f1ada, ha insistido en que la idea es \u201c<strong class=\"mce\">sensibilizar<\/strong> a la poblaci\u00f3n de qu\u00e9 hacer con aparatos electr\u00f3nicos o el\u00e9ctricos que ya no sirven, c\u00f3mo reciclarlos y fomentar los puntos limpios\u201d y ha detallado que \u201cla campa\u00f1a est\u00e1 pensada para llevarla a cabo por toda Andaluc\u00eda\u201d.<\/p>\n<p class=\"mce\">Ca\u00f1ada ha explicado que \u201ca trav\u00e9s de una aplicaci\u00f3n de tablet o m\u00f3vil se pretende hacer una <strong class=\"mce\">peque\u00f1a encuesta<\/strong> a trav\u00e9s de la cual los participantes entrar\u00e1n en el\u00a0<strong class=\"mce\">sorteo de una tablet o un patinete<\/strong>\u201d, siempre con la finalidad de \u201cconcienciar de que los aparatos tecnol\u00f3gicos tengan una nueva vida a trav\u00e9s del proceso de reciclaje y as\u00ed ayudemos a que el planeta sea m\u00e1s sostenible\u201d.<\/p>\n<p class=\"mce\">El informador de la campa\u00f1a en la zona de C\u00f3rdoba ha indicado que \u201cla gente cada vez est\u00e1 m\u00e1s concienciada y se ha podido ver una evoluci\u00f3n a lo largo de las diferentes campa\u00f1as realizadas\u201d, si bien como dato significativo ha aportado que \u201ca diferencia de lo que podr\u00edamos pensar, son las personas de mayor edad las que est\u00e1n m\u00e1s sensibilizadas\u201d.<\/p>\n<p class=\"mce\">La tercera edici\u00f3n de la campa\u00f1a <em class=\"mce\">Dona vida al planeta<\/em> recorrer\u00e1 <strong class=\"mce\">toda Andaluc\u00eda\u00a0<\/strong>hasta el pr\u00f3ximo 23 de diciembre con puntos y rutas informativas en diferentes centros comerciales, municipios, comercios minoristas y universidades de cada provincia andaluza, adem\u00e1s de las propias capitales, con el objetivo de fomentar la reutilizaci\u00f3n y correcta gesti\u00f3n de los residuos de aparatos el\u00e9ctricos y electr\u00f3nicos (RAEE) y dar a conocer las ventajas medioambientales, sociales y econ\u00f3micas derivadas de ello.<\/p>\n<header class=\"pg-head\">\n<p style=\"text-align: center;\">\n<\/header>\n<div class=\"gd\">\n<div class=\"gdu u16 u-first\">\n<div class=\"pg-media\">\n<figure id=\"media-holder_1395349794\" class=\"image-holder\"><img class=\"alignnone size-medium wp-image-15666 aligncenter\" src=\"https:\/\/www.blipvert.es\/wp-content\/uploads\/CCAD9A7A-F341-4450-9DC9-98C9D9AB0A3B_4_5005_c-300x160.jpeg\" alt=\"\" width=\"300\" height=\"160\" srcset=\"https:\/\/www.blipvert.es\/wp-content\/uploads\/CCAD9A7A-F341-4450-9DC9-98C9D9AB0A3B_4_5005_c-300x160.jpeg 300w, https:\/\/www.blipvert.es\/wp-content\/uploads\/CCAD9A7A-F341-4450-9DC9-98C9D9AB0A3B_4_5005_c-150x80.jpeg 150w, https:\/\/www.blipvert.es\/wp-content\/uploads\/CCAD9A7A-F341-4450-9DC9-98C9D9AB0A3B_4_5005_c.jpeg 308w\" sizes=\"(max-width: 300px) 100vw, 300px\" \/><figcaption>\n<div class=\"footnote\">\n<p class=\"text\" style=\"text-align: center;\">Presentaci\u00f3n de la campa\u00f1a de reciclaje de Baena. <wbr \/>\/ <span class=\"source\">S. N\u00da\u00d1EZ<\/span><\/p>\n<\/div>\n<\/figcaption><\/figure>\n<\/div>\n<div class=\"pg-body\">\n<section class=\"nws-data\">\n<p style=\"text-align: center;\"><a href=\"https:\/\/www.eldiadecordoba.es\/provincia\/Baena-mini-puntos-limpios-diciembre_0_1741326205.html\">Ver noticia original en El Diario de C\u00f3rdoba<\/a><\/p>\n<p class=\"byline\" style=\"text-align: center;\"><small><small class=\"author\"><a class=\"lnk\" href=\"https:\/\/www.eldiadecordoba.es\/sara_nunez\/\">SARA N\u00da\u00d1EZ <\/a><\/small><time class=\"dateline\">23 Noviembre, 2022 &#8211; 10:39h<\/time><\/small><\/p>\n<blockquote class=\"wp-embedded-content\" data-secret=\"buAIKqQjMB\"><p><a href=\"https:\/\/www.televisionbaena.es\/el-ayuntamiento-de-baena-invierte-10-000-euros-en-la-instalacion-de-cuatro-mini-puntos-limpios\/\">El Ayuntamiento de Baena invierte 10.000 euros en la instalaci\u00f3n de cuatro mini puntos limpios<\/a><\/p><\/blockquote>\n<p><iframe class=\"wp-embedded-content\" sandbox=\"allow-scripts\" security=\"restricted\" style=\"position: absolute; clip: rect(1px, 1px, 1px, 1px);\" title=\"Entrada de WordPress incrustada\" src=\"https:\/\/www.televisionbaena.es\/el-ayuntamiento-de-baena-invierte-10-000-euros-en-la-instalacion-de-cuatro-mini-puntos-limpios\/embed\/#?secret=buAIKqQjMB\" data-secret=\"buAIKqQjMB\" width=\"500\" height=\"282\" frameborder=\"0\" marginwidth=\"0\" marginheight=\"0\" scrolling=\"no\"><\/iframe><\/p>\n<p>&nbsp;<\/p>\n<\/section>\n<\/div>\n<\/div>\n<\/div>\n<\/div>\n","protected":false},"excerpt":{"rendered":"<p>El concejal de Medio Ambiente en el Ayuntamiento de Baena, Juan Jos\u00e9 Castro, ha informado de que el municipio va a contar a partir del pr\u00f3ximo mes de diciembre con cuatro mini puntos limpios que [&hellip;]<\/p>\n","protected":false},"author":3,"featured_media":15677,"comment_status":"closed","ping_status":"closed","sticky":false,"template":"","format":"standard","meta":[],"categories":[60],"tags":[],"_links":{"self":[{"href":"https:\/\/www.blipvert.es\/es\/wp-json\/wp\/v2\/posts\/15672"}],"collection":[{"href":"https:\/\/www.blipvert.es\/es\/wp-json\/wp\/v2\/posts"}],"about":[{"href":"https:\/\/www.blipvert.es\/es\/wp-json\/wp\/v2\/types\/post"}],"author":[{"embeddable":true,"href":"https:\/\/www.blipvert.es\/es\/wp-json\/wp\/v2\/users\/3"}],"replies":[{"embeddable":true,"href":"https:\/\/www.blipvert.es\/es\/wp-json\/wp\/v2\/comments?post=15672"}],"version-history":[{"count":5,"href":"https:\/\/www.blipvert.es\/es\/wp-json\/wp\/v2\/posts\/15672\/revisions"}],"predecessor-version":[{"id":15886,"href":"https:\/\/www.blipvert.es\/es\/wp-json\/wp\/v2\/posts\/15672\/revisions\/15886"}],"wp:featuredmedia":[{"embeddable":true,"href":"https:\/\/www.blipvert.es\/es\/wp-json\/wp\/v2\/media\/15677"}],"wp:attachment":[{"href":"https:\/\/www.blipvert.es\/es\/wp-json\/wp\/v2\/media?parent=15672"}],"wp:term":[{"taxonomy":"category","embeddable":true,"href":"https:\/\/www.blipvert.es\/es\/wp-json\/wp\/v2\/categories?post=15672"},{"taxonomy":"post_tag","embeddable":true,"href":"https:\/\/www.blipvert.es\/es\/wp-json\/wp\/v2\/tags?post=15672"}],"curies":[{"name":"wp","href":"https:\/\/api.w.org\/{rel}","templated":true}]}}