{"id":15788,"date":"2023-01-17T13:21:20","date_gmt":"2023-01-17T11:21:20","guid":{"rendered":"https:\/\/www.blipvert.es\/?p=15788"},"modified":"2023-01-20T20:39:18","modified_gmt":"2023-01-20T18:39:18","slug":"4-873-kg-de-miniresidus-reciclats-a-les-minideixalleries-urbanes-del-maresme-durant-2022","status":"publish","type":"post","link":"https:\/\/www.blipvert.es\/es\/4-873-kg-de-miniresidus-reciclats-a-les-minideixalleries-urbanes-del-maresme-durant-2022\/","title":{"rendered":"4.873 KG. DE MINIRESIDUS RECICLATS A LES MINIDEIXALLERIES URBANES DEL MARESME DURANT 2022"},"content":{"rendered":"<p>Arenys de Mar amb <strong>1.023 kg<\/strong>, Vilassar de Mar amb <strong>801 kg<\/strong>. i Calella amb <strong>706 kg.<\/strong> s\u00f3n les tres primeres del r\u00e0nquing maresmenc de reciclatge en minideixalleries urbanes.<\/p>\n<p><strong>4.873 Kg.<\/strong>\u00a0Quasi 5 Tones en un sol any. Una xifra a valorar molt positivament tenint en compte, sobretot, que s\u00f3n petits residus d&#8217;\u00fas dom\u00e8stic que pesen molt poc, per\u00f2 a la vegada poden contaminar el medi si no es reciclen adequadament. Per exemple: una pila de bot\u00f3 pot pesar \u00fanicament 1 gram, per\u00f2 el seu mercuri podria arribar a contaminar l&#8217;aigua de tota una piscina ol\u00edmpica.<\/p>\n<p>La recollida selectiva \u00e9s el moment decisiu en el proc\u00e9s de reciclatge d\u2019aquests miniresidus dom\u00e8stics moderns: si van a parar a la brossa (s\u00f3n petits i es poden esbarriar amb facilitat) esdevenen un problema gran, mentre que si els dipositem al lloc correcte, a m\u00e9s d\u2019evitar una possible contaminaci\u00f3, generem nous recursos per a tots.<\/p>\n<p>Les minideixalleries estan espec\u00edficament dissenyades i fabricades amb criteris de sostenibilitat per durar indefinidament.\u00a0Durant tots aquests anys s&#8217;han anat fent, de manera regular, les feines de sanejament i repintat perqu\u00e8 llueixin sempre amb la lluminositat del primer dia.<\/p>\n<p style=\"text-align: center;\"><strong>CADA COSA AL SEU LLOC<\/strong><\/p>\n<h6 style=\"text-align: center;\"><img class=\"aligncenter wp-image-15790 size-full\" src=\"https:\/\/www.blipvert.es\/wp-content\/uploads\/20230117_110626-scaled.jpg\" alt=\"\" width=\"2560\" height=\"1152\" srcset=\"https:\/\/www.blipvert.es\/wp-content\/uploads\/20230117_110626-scaled.jpg 2560w, https:\/\/www.blipvert.es\/wp-content\/uploads\/20230117_110626-300x135.jpg 300w, https:\/\/www.blipvert.es\/wp-content\/uploads\/20230117_110626-1280x576.jpg 1280w, https:\/\/www.blipvert.es\/wp-content\/uploads\/20230117_110626-150x67.jpg 150w, https:\/\/www.blipvert.es\/wp-content\/uploads\/20230117_110626-768x346.jpg 768w, https:\/\/www.blipvert.es\/wp-content\/uploads\/20230117_110626-1536x691.jpg 1536w, https:\/\/www.blipvert.es\/wp-content\/uploads\/20230117_110626-2048x921.jpg 2048w\" sizes=\"(max-width: 2560px) 100vw, 2560px\" \/>Les minideixalleries tamb\u00e9 s\u00f3n un suport de comunicaci\u00f3 ecol\u00f2gica que fomenta la solidaritat, la cultura i el comer\u00e7 de proximitat.<\/h6>\n<p>&nbsp;<\/p>\n<p>A les minideixalleries urbanes del Maresme podeu reciclar discos CD\/DVD\/BlueRay,\u00a0cartutxos de tinta d&#8217;impressora, RAEE (Residus d&#8217;Aparells El\u00e8ctrics i Electr\u00f2nics) de petit format, piles, bateries i acumuladors, i tot tipus de bombetes (convencionals, LED, i de baix consum). A m\u00e9s, tan sols\u00a0substituint les b\u00fasties d\u2019entrada, els Ajuntaments van adaptant les minideixalleries per reciclar els nous residus emergents. V\u00e9s a saber quines rapoines guardarem al calaix en el futur.<\/p>\n<p style=\"text-align: left;\">LOCALITZACI\u00d3 DE LA XARXA DE MINIDEIXALLERIES DEL MARESME: Arenys de munt, Arenys de Mar, Cabrera de Mar, Caldes d&#8217;Estrac, \u00a0Calella, Pineda de Mar, Sant Andreu de Llavaneres, Sant Vicen\u00e7 de Montalt, Santa Susanna, Vilassar de Dalt i Vilassar de Mar.<\/p>\n<p>&nbsp;<\/p>\n<p style=\"text-align: center;\"><a href=\"https:\/\/www.capgros.com\/actualitat\/maresme\/bones-xifres-minideixalleries-urbanes-maresme_809161_102.html\">Llegir la not\u00edcia al diari Capgros<\/a><\/p>\n<p style=\"text-align: center;\">Redueix, reutiliza, i com a \u00faltima opci\u00f3, recicla.<br \/>\n<a href=\"https:\/\/www.blipvert.es\/minideixalleria\/\">Blipvert Recologics, 2023.<\/a><\/p>\n<p>&nbsp;<\/p>\n","protected":false},"excerpt":{"rendered":"<p>Arenys de Mar amb 1.023 kg, Vilassar de Mar amb 801 kg. i Calella amb 706 kg. s\u00f3n les tres primeres del r\u00e0nquing maresmenc de reciclatge en minideixalleries urbanes. 4.873 Kg.\u00a0Quasi 5 Tones en un [&hellip;]<\/p>\n","protected":false},"author":3,"featured_media":15790,"comment_status":"closed","ping_status":"closed","sticky":false,"template":"","format":"standard","meta":[],"categories":[31],"tags":[],"_links":{"self":[{"href":"https:\/\/www.blipvert.es\/es\/wp-json\/wp\/v2\/posts\/15788"}],"collection":[{"href":"https:\/\/www.blipvert.es\/es\/wp-json\/wp\/v2\/posts"}],"about":[{"href":"https:\/\/www.blipvert.es\/es\/wp-json\/wp\/v2\/types\/post"}],"author":[{"embeddable":true,"href":"https:\/\/www.blipvert.es\/es\/wp-json\/wp\/v2\/users\/3"}],"replies":[{"embeddable":true,"href":"https:\/\/www.blipvert.es\/es\/wp-json\/wp\/v2\/comments?post=15788"}],"version-history":[{"count":6,"href":"https:\/\/www.blipvert.es\/es\/wp-json\/wp\/v2\/posts\/15788\/revisions"}],"predecessor-version":[{"id":15924,"href":"https:\/\/www.blipvert.es\/es\/wp-json\/wp\/v2\/posts\/15788\/revisions\/15924"}],"wp:featuredmedia":[{"embeddable":true,"href":"https:\/\/www.blipvert.es\/es\/wp-json\/wp\/v2\/media\/15790"}],"wp:attachment":[{"href":"https:\/\/www.blipvert.es\/es\/wp-json\/wp\/v2\/media?parent=15788"}],"wp:term":[{"taxonomy":"category","embeddable":true,"href":"https:\/\/www.blipvert.es\/es\/wp-json\/wp\/v2\/categories?post=15788"},{"taxonomy":"post_tag","embeddable":true,"href":"https:\/\/www.blipvert.es\/es\/wp-json\/wp\/v2\/tags?post=15788"}],"curies":[{"name":"wp","href":"https:\/\/api.w.org\/{rel}","templated":true}]}}