{"id":15925,"date":"2022-04-20T20:40:27","date_gmt":"2022-04-20T18:40:27","guid":{"rendered":"https:\/\/www.blipvert.es\/?p=15925"},"modified":"2023-01-20T20:47:26","modified_gmt":"2023-01-20T18:47:26","slug":"el-punto-limpio-de-carballo-gestiono-mas-de-3-000-electrodomesticos-en-2021","status":"publish","type":"post","link":"https:\/\/www.blipvert.es\/es\/el-punto-limpio-de-carballo-gestiono-mas-de-3-000-electrodomesticos-en-2021\/","title":{"rendered":"EL PUNTO LIMPIO CARBALL\u00c9S GESTION\u00d3 +3.000 ELECTRODOM\u00c9STICOS EN 2021"},"content":{"rendered":"<div id=\"layer_1274588\" class=\"layer wrapper \">\n<div class=\"layer_content clearfix \">\n<div id=\"column_1842038\" class=\"column b-col-tiny-12 b-col-small-12 b-col-medium-12 b-col-large-custom\">\n<div class=\"column_content \">\n<div id=\"widget_3175642\" class=\"widget clearfix\">\n<div class=\"widget_content front_widget \">\n<div class=\"article_main\">\n<p>Cada a\u00f1o llegan al Punto Limpio de Carballo m\u00e1s de 100.000 kilos de residuos y miles de objetos de todo tipo procedentes de los hogares carballeses. En los \u00faltimos dos a\u00f1os se ha incrementado de manera considerable el volumen de madera y escombre debido al auge de la reforma de viviendas. De hecho, seg\u00fan los datos facilitados por el Ayuntamiento, entre el 2020 y el 2021 se recogieron 89,000 kilos de madera y 70.000 kilos de escombro, cifras muy superiores en ambos casos a las habituales de a\u00f1os anteriores.<\/p>\n<p>Tambi\u00e9n llama la atenci\u00f3n la cifra de electrodom\u00e9sticos que pasaron por el punto limpio antes de ser enviados a sus centros recicladores correspondientes. El a\u00f1o pasado se superaron los 3.000 aparatos de distintos tipo, incluidos 158 frigor\u00edficos y congeladores y 533 televisores, que se acumulan por separado debido a que tienen la consideraci\u00f3n de residuos peligrosos y reciben un tratamiento diferenciado.<br \/>\nEl Concello de Carballo trata de facilitar a la ciudadan\u00eda la gesti\u00f3n de todos los materiales que, por sus caracter\u00edsticas, no pueden depositarse en los colectores que hay en las calles. As\u00ed, las instalaciones del punto limpio, situadas en el pol\u00edgono de B\u00e9rtoa, est\u00e1n abiertas los jueves y los s\u00e1bados, de 10:00 a 13:00 y de 16:00 a 19:00 horas; pero tambi\u00e9n se puede utilizar el punto limpio m\u00f3vil, que consiste en la recogida semanal de los residuos voluminosos en las islas de colectores previo aviso al n\u00famero de tel\u00e9fono 981 754 917.<\/p>\n<\/div>\n<\/div>\n<\/div>\n<\/div>\n<\/div>\n<\/div>\n<\/div>\n<div id=\"layer_1274589\" class=\"layer wrapper \">\n<div class=\"layer_content clearfix \">\n<div id=\"column_1842039\" class=\"column b-col-tiny-12 b-col-small-12 b-col-medium-12 b-col-large-custom\">\n<div class=\"column_content \">\n<div id=\"widget_3175644\" class=\"widget clearfix\">\n<div class=\"widget_content front_widget_sinarriba \">\n<div class=\"article-media\" style=\"text-align: center;\">\n<figure><img class=\"onm-image img-responsive aligncenter\" title=\"\" src=\"https:\/\/www.diariodebergantinos.com\/images\/showid2\/5248839?w=900\" alt=\"\" \/><figcaption class=\"photo-subtitle\">Desde principios de a\u00f1o los minipuntos limpios incorporan un dep\u00f3sito especifico para c\u00e1psulas de caf\u00e9 | cedida<\/figcaption><\/figure>\n<\/div>\n<div class=\"article_legend\"><a class=\"article_author\" title=\"Redacci\u00f3n \" href=\"https:\/\/www.diariodebergantinos.com\/firmas\/redaccion\" rel=\"author\">REDACCI\u00d3N <\/a><img class=\"\" src=\"https:\/\/www.diariodebergantinos.com\/templates\/elidealgallego1\/icon-authorlogo2.svg\" \/> <span class=\"article_date\"><span class=\"CNewsDateUpdate\">20 DE ABRIL DE 2022, 23:04 <\/span><\/span><\/div>\n<div><\/div>\n<div class=\"article_legend\" style=\"text-align: center;\"><a href=\"https:\/\/www.diariodebergantinos.com\/articulo\/carballo\/punto-limpio-carballes-gestiono-3000-electrodomesticos-2021-3557009\"><span class=\"article_date\"><span class=\"CNewsDateUpdate\">Noticia original en diariobergantinos.com\u00a0<\/span><\/span><\/a><\/div>\n<div class=\"article_main\">\n<div class=\"clearfix\">\n<div id=\"article_content\" class=\"article_content story_editor\">\n<p>&nbsp;<\/p>\n<p><strong>Residuos especiales<\/strong><\/p>\n<p>Para residuos especiales de peque\u00f1o tama\u00f1o tambi\u00e9n est\u00e1n disponibles tres minipuntos limpios emplazados en las calles Per\u00fa, Fomento y V\u00e1zquez de Parga, en los que se depositaron el a\u00f1o pasado m\u00e1s de 30.000 unidades de luminarias de bajo consumo (1.125), CD y DVD (2.700), cartuchos de impresora (1.800), residuos pertenecientes a aparatos el\u00e9ctricos y electr\u00f3nicos (8.000), tel\u00e9fonos m\u00f3viles (840) y pilas y bater\u00edas de m\u00f3vil (24.000).<\/p>\n<p>Desde enero de este a\u00f1o, los minipuntos limpios incorporan un dep\u00f3sito espec\u00edfico para las c\u00e1psulas de caf\u00e9, dado el aumento de su consumo entre la poblaci\u00f3n, en lugar del destinado a CD y DVD, que est\u00e1n en desuso.<\/p>\n<p><strong>Recogida de pilas<\/strong><\/p>\n<p>La recogida de pilas se lleva a cabo en edificios p\u00fablicos y establecimientos comerciales. El Concello ofrece a cualquier empresa interesada la posibilidad de disponer de un colector espec\u00edfico. Para ello solo tienen que llamar al n\u00famero de tel\u00e9fono 981 754917, tras lo que se le facilitar\u00e1 de forma gratuita el colector y un cartel identificativo. Cuando el colector se llene solo hay que avisar a la concesionaria de la recogida de basura.<\/p>\n<\/div>\n<\/div>\n<\/div>\n<\/div>\n<\/div>\n<\/div>\n<\/div>\n<\/div>\n<\/div>\n","protected":false},"excerpt":{"rendered":"<p>Cada a\u00f1o llegan al Punto Limpio de Carballo m\u00e1s de 100.000 kilos de residuos y miles de objetos de todo tipo procedentes de los hogares carballeses. En los \u00faltimos dos a\u00f1os se ha incrementado de [&hellip;]<\/p>\n","protected":false},"author":3,"featured_media":15926,"comment_status":"closed","ping_status":"closed","sticky":false,"template":"","format":"standard","meta":[],"categories":[61],"tags":[],"_links":{"self":[{"href":"https:\/\/www.blipvert.es\/es\/wp-json\/wp\/v2\/posts\/15925"}],"collection":[{"href":"https:\/\/www.blipvert.es\/es\/wp-json\/wp\/v2\/posts"}],"about":[{"href":"https:\/\/www.blipvert.es\/es\/wp-json\/wp\/v2\/types\/post"}],"author":[{"embeddable":true,"href":"https:\/\/www.blipvert.es\/es\/wp-json\/wp\/v2\/users\/3"}],"replies":[{"embeddable":true,"href":"https:\/\/www.blipvert.es\/es\/wp-json\/wp\/v2\/comments?post=15925"}],"version-history":[{"count":3,"href":"https:\/\/www.blipvert.es\/es\/wp-json\/wp\/v2\/posts\/15925\/revisions"}],"predecessor-version":[{"id":15931,"href":"https:\/\/www.blipvert.es\/es\/wp-json\/wp\/v2\/posts\/15925\/revisions\/15931"}],"wp:featuredmedia":[{"embeddable":true,"href":"https:\/\/www.blipvert.es\/es\/wp-json\/wp\/v2\/media\/15926"}],"wp:attachment":[{"href":"https:\/\/www.blipvert.es\/es\/wp-json\/wp\/v2\/media?parent=15925"}],"wp:term":[{"taxonomy":"category","embeddable":true,"href":"https:\/\/www.blipvert.es\/es\/wp-json\/wp\/v2\/categories?post=15925"},{"taxonomy":"post_tag","embeddable":true,"href":"https:\/\/www.blipvert.es\/es\/wp-json\/wp\/v2\/tags?post=15925"}],"curies":[{"name":"wp","href":"https:\/\/api.w.org\/{rel}","templated":true}]}}