{"id":1654,"date":"2016-10-18T20:13:59","date_gmt":"2016-10-18T18:13:59","guid":{"rendered":"https:\/\/www.blipvert.es\/?p=1654"},"modified":"2020-01-23T18:18:39","modified_gmt":"2020-01-23T16:18:39","slug":"sentmenat-barcelona-inaugura-el-nou-servei-de-minideixalleries-urbanes","status":"publish","type":"post","link":"https:\/\/www.blipvert.es\/es\/sentmenat-barcelona-inaugura-el-nou-servei-de-minideixalleries-urbanes\/","title":{"rendered":"SENTMENAT (BARCELONA) INAUGURA EL NOU SERVEI DE MINIDEIXALLERIES URBANES"},"content":{"rendered":"<p style=\"text-align: center;\">Noves Minideixalleries de Sentmenat:<\/p>\n<p><img class=\"size-medium wp-image-1655 aligncenter\" src=\"https:\/\/www.blipvert.es\/wp-content\/uploads\/0818102B-300x204.jpg\" alt=\"\" width=\"300\" height=\"204\" srcset=\"https:\/\/www.blipvert.es\/wp-content\/uploads\/0818102B-300x204.jpg 300w, https:\/\/www.blipvert.es\/wp-content\/uploads\/0818102B-150x102.jpg 150w, https:\/\/www.blipvert.es\/wp-content\/uploads\/0818102B-768x522.jpg 768w, https:\/\/www.blipvert.es\/wp-content\/uploads\/0818102B.jpg 800w\" sizes=\"(max-width: 300px) 100vw, 300px\" \/><\/p>\n<p style=\"text-align: center;\">Minideixalleria situada a Ctra 1415a direcci\u00f3 Caldes de Montbu\u00ed &#8211; Pg. de la Torre Roja<\/p>\n<p><img class=\"size-medium wp-image-1658 aligncenter\" src=\"https:\/\/www.blipvert.es\/wp-content\/uploads\/phpThumb_generated_thumbnail-10-1-300x212.jpg\" alt=\"\" width=\"300\" height=\"212\" srcset=\"https:\/\/www.blipvert.es\/wp-content\/uploads\/phpThumb_generated_thumbnail-10-1-300x212.jpg 300w, https:\/\/www.blipvert.es\/wp-content\/uploads\/phpThumb_generated_thumbnail-10-1-150x106.jpg 150w, https:\/\/www.blipvert.es\/wp-content\/uploads\/phpThumb_generated_thumbnail-10-1.jpg 550w\" sizes=\"(max-width: 300px) 100vw, 300px\" \/><\/p>\n<p style=\"text-align: center;\">Minideixalleria situada a\u00a0Pla\u00e7a Sant Menna &#8211; Pla\u00e7a de Joan Oliv\u00e9 (al costat de l&#8217;Esgl\u00e9sia)<\/p>\n","protected":false},"excerpt":{"rendered":"<p>Noves Minideixalleries de Sentmenat: Minideixalleria situada a Ctra 1415a direcci\u00f3 Caldes de Montbu\u00ed &#8211; Pg. de la Torre Roja Minideixalleria situada a\u00a0Pla\u00e7a Sant Menna &#8211; Pla\u00e7a de Joan Oliv\u00e9 (al costat de l&#8217;Esgl\u00e9sia)<\/p>\n","protected":false},"author":3,"featured_media":1658,"comment_status":"closed","ping_status":"closed","sticky":false,"template":"","format":"standard","meta":[],"categories":[31],"tags":[],"_links":{"self":[{"href":"https:\/\/www.blipvert.es\/es\/wp-json\/wp\/v2\/posts\/1654"}],"collection":[{"href":"https:\/\/www.blipvert.es\/es\/wp-json\/wp\/v2\/posts"}],"about":[{"href":"https:\/\/www.blipvert.es\/es\/wp-json\/wp\/v2\/types\/post"}],"author":[{"embeddable":true,"href":"https:\/\/www.blipvert.es\/es\/wp-json\/wp\/v2\/users\/3"}],"replies":[{"embeddable":true,"href":"https:\/\/www.blipvert.es\/es\/wp-json\/wp\/v2\/comments?post=1654"}],"version-history":[{"count":1,"href":"https:\/\/www.blipvert.es\/es\/wp-json\/wp\/v2\/posts\/1654\/revisions"}],"predecessor-version":[{"id":1661,"href":"https:\/\/www.blipvert.es\/es\/wp-json\/wp\/v2\/posts\/1654\/revisions\/1661"}],"wp:featuredmedia":[{"embeddable":true,"href":"https:\/\/www.blipvert.es\/es\/wp-json\/wp\/v2\/media\/1658"}],"wp:attachment":[{"href":"https:\/\/www.blipvert.es\/es\/wp-json\/wp\/v2\/media?parent=1654"}],"wp:term":[{"taxonomy":"category","embeddable":true,"href":"https:\/\/www.blipvert.es\/es\/wp-json\/wp\/v2\/categories?post=1654"},{"taxonomy":"post_tag","embeddable":true,"href":"https:\/\/www.blipvert.es\/es\/wp-json\/wp\/v2\/tags?post=1654"}],"curies":[{"name":"wp","href":"https:\/\/api.w.org\/{rel}","templated":true}]}}