{"id":1695,"date":"2007-10-26T00:25:10","date_gmt":"2007-10-25T22:25:10","guid":{"rendered":"https:\/\/www.blipvert.es\/?p=1695"},"modified":"2023-06-07T16:23:58","modified_gmt":"2023-06-07T14:23:58","slug":"santa-coloma-de-farners-girona","status":"publish","type":"post","link":"https:\/\/www.blipvert.es\/es\/santa-coloma-de-farners-girona\/","title":{"rendered":"SANTA COLOMA DE FARNERS INSTAL.LA MINIDEIXALLERIES PER RECICLAR MINIRESIDUS"},"content":{"rendered":"<p><img class=\"aligncenter wp-image-1696 size-full\" src=\"https:\/\/www.blipvert.es\/wp-content\/uploads\/phpThumb_generated_thumbnail-14.jpg\" alt=\"\" width=\"550\" height=\"412\" srcset=\"https:\/\/www.blipvert.es\/wp-content\/uploads\/phpThumb_generated_thumbnail-14.jpg 550w, https:\/\/www.blipvert.es\/wp-content\/uploads\/phpThumb_generated_thumbnail-14-150x112.jpg 150w, https:\/\/www.blipvert.es\/wp-content\/uploads\/phpThumb_generated_thumbnail-14-300x225.jpg 300w\" sizes=\"(max-width: 550px) 100vw, 550px\" \/><\/p>\n<p style=\"text-align: center;\">Minideixalleria a la\u00a0Pla\u00e7a de la Pau (davant Teatre), carrer Francesc Moragas i carrer de la Malva<\/p>\n<p>A les minideixalleries instal\u00b7lades a la pla\u00e7a Farners i a la pla\u00e7a de la Pau s&#8217;hi poden portar les bombetes, CDs i DVDs, bol\u00edgrafs i retoladors, cartutxos d\u2019impressora, m\u00f2bils, i piles i bateries de m\u00f2bil. Nosaltres ens encarregarem que es reciclin de la millor manera possible.<\/p>\n<p>Font: Ajuntament de Santa Maria de Farners<\/p>\n<p style=\"text-align: center;\"><a href=\"http:\/\/www.scf.cat\/ca\/ajuntament\/seccions\/medi-ambient\/gesti\u00f3-de-residus\" target=\"_blank\" rel=\"noopener\">http:\/\/www.scf.cat\/ca\/ajuntament\/seccions\/medi-ambient\/gesti\u00f3-de-residus<\/a><\/p>\n<p style=\"text-align: center;\"><a href=\"https:\/\/www.20minutos.es\/noticia\/301179\/0\/basuras\/reciclaje\/contenedor\/\">Llegir la not\u00edcia al diari 20minutos<\/a><\/p>\n<p>&nbsp;<\/p>\n","protected":false},"excerpt":{"rendered":"<p>Minideixalleria a la\u00a0Pla\u00e7a de la Pau (davant Teatre), carrer Francesc Moragas i carrer de la Malva A les minideixalleries instal\u00b7lades a la pla\u00e7a Farners i a la pla\u00e7a de la Pau s&#8217;hi poden portar les [&hellip;]<\/p>\n","protected":false},"author":3,"featured_media":1696,"comment_status":"closed","ping_status":"closed","sticky":false,"template":"","format":"standard","meta":[],"categories":[31],"tags":[],"_links":{"self":[{"href":"https:\/\/www.blipvert.es\/es\/wp-json\/wp\/v2\/posts\/1695"}],"collection":[{"href":"https:\/\/www.blipvert.es\/es\/wp-json\/wp\/v2\/posts"}],"about":[{"href":"https:\/\/www.blipvert.es\/es\/wp-json\/wp\/v2\/types\/post"}],"author":[{"embeddable":true,"href":"https:\/\/www.blipvert.es\/es\/wp-json\/wp\/v2\/users\/3"}],"replies":[{"embeddable":true,"href":"https:\/\/www.blipvert.es\/es\/wp-json\/wp\/v2\/comments?post=1695"}],"version-history":[{"count":6,"href":"https:\/\/www.blipvert.es\/es\/wp-json\/wp\/v2\/posts\/1695\/revisions"}],"predecessor-version":[{"id":17141,"href":"https:\/\/www.blipvert.es\/es\/wp-json\/wp\/v2\/posts\/1695\/revisions\/17141"}],"wp:featuredmedia":[{"embeddable":true,"href":"https:\/\/www.blipvert.es\/es\/wp-json\/wp\/v2\/media\/1696"}],"wp:attachment":[{"href":"https:\/\/www.blipvert.es\/es\/wp-json\/wp\/v2\/media?parent=1695"}],"wp:term":[{"taxonomy":"category","embeddable":true,"href":"https:\/\/www.blipvert.es\/es\/wp-json\/wp\/v2\/categories?post=1695"},{"taxonomy":"post_tag","embeddable":true,"href":"https:\/\/www.blipvert.es\/es\/wp-json\/wp\/v2\/tags?post=1695"}],"curies":[{"name":"wp","href":"https:\/\/api.w.org\/{rel}","templated":true}]}}