{"id":17641,"date":"2023-08-27T15:49:11","date_gmt":"2023-08-27T13:49:11","guid":{"rendered":"https:\/\/www.blipvert.es\/?p=17641"},"modified":"2024-02-07T13:11:44","modified_gmt":"2024-02-07T11:11:44","slug":"marin-pontevedra-recicla-una-tonelada-de-pilas-en-los-minipuntos-limpios-en-2022","status":"publish","type":"post","link":"https:\/\/www.blipvert.es\/es\/marin-pontevedra-recicla-una-tonelada-de-pilas-en-los-minipuntos-limpios-en-2022\/","title":{"rendered":"MAR\u00cdN (PONTEVEDRA) RECICLA UNA TONELADA DE PILAS EN LOS MINIPUNTOS LIMPIOS EN 2022"},"content":{"rendered":"<div class=\"single56__header align-left\">\n<div class=\"meta56 component56\">\n<div class=\"meta56__item meta56__author\">\n<p style=\"text-align: left;\">La toma de conciencia de las ventajas del reciclaje y la econom\u00eda circular entre los marinenses, que permiten la reutilizaci\u00f3n de materiales para luchar contra el cambio clim\u00e1tico, est\u00e1 avalada por cifras. Los vecinos de Mar\u00edn han conseguido reciclar en el \u00faltimo ejercicio cerrado de <strong>2022 un total de una tonelada y media de residuos (1.651 kilos)<\/strong> en los tres minipuntos limpios situados en la localidad, de los que algo m\u00e1s de <strong>una tonelada<\/strong> supone el reciclaje de pilas y bater\u00edas, seg\u00fan ha podido saber <strong>Diario Mar\u00edn<\/strong> de la compa\u00f1\u00eda Blipvert, encargada de la recogida y reutilizaci\u00f3n de los residuos de estos peque\u00f1os enclaves.<\/p>\n<p style=\"text-align: left;\">La existencia de estos tres emplazamientos de minipuntos limpios dentro del municipio ha propiciado una cifra r\u00e9cord que supone un aumento considerable con respecto a otros a\u00f1os. En ellos, los habitantes de la localidad han podido clasificar diferentes tipos de materiales seg\u00fan los colores y f\u00e1cil identificaci\u00f3n, incluidas las pilas bot\u00f3n, bater\u00edas, y acumuladores de peque\u00f1o formato, cartuchos de impresora, discos cd\/dvd y blueray, bombillas led, bombillas de bajo consumo y RAEE (Residuos de Aparatos Electr\u00f3nicos y El\u00e9ctricos) de peque\u00f1o formato.<\/p>\n<p>No obstante, en los minipuntos limpios de algunos municipios tambi\u00e9n se incluye la recogida de tapones de corcho o pl\u00e1stico, cintas de video y casetes, juguetes de peque\u00f1o formato, gafas, etc.\u00a0<a href=\"https:\/\/www.blipvert.es\/es\/minipuntolimpio\/\">Haz clic aqu\u00ed para ver todas las posibilidades de Minipunto Limpio para tu localidad.<\/a> Actualmente estos minipuntos que existen en Mar\u00edn se encuentran ubicados en el centro del pueblo, siendo uno de los principales el que se encuentra en la marquesina de partida del autobus a Pontevedra.<\/p>\n<\/div>\n<\/div>\n<\/div>\n<div class=\"single56__thumbnail\">\n<figure class=\"single_thumbnail56 thumbnail56--standard post-thumbnail\"><img class=\"attachment-full size-full wp-post-image\" src=\"https:\/\/i0.wp.com\/diariomarin.com\/wp-content\/uploads\/2023\/08\/puntoslimpiosmarin3.jpeg?fit=1200%2C1600&amp;ssl=1\" sizes=\"(max-width: 1200px) 100vw, 1200px\" srcset=\"https:\/\/i0.wp.com\/diariomarin.com\/wp-content\/uploads\/2023\/08\/puntoslimpiosmarin3.jpeg?w=1200&amp;ssl=1 1200w, https:\/\/i0.wp.com\/diariomarin.com\/wp-content\/uploads\/2023\/08\/puntoslimpiosmarin3.jpeg?resize=225%2C300&amp;ssl=1 225w, https:\/\/i0.wp.com\/diariomarin.com\/wp-content\/uploads\/2023\/08\/puntoslimpiosmarin3.jpeg?resize=768%2C1024&amp;ssl=1 768w, https:\/\/i0.wp.com\/diariomarin.com\/wp-content\/uploads\/2023\/08\/puntoslimpiosmarin3.jpeg?resize=1152%2C1536&amp;ssl=1 1152w, https:\/\/i0.wp.com\/diariomarin.com\/wp-content\/uploads\/2023\/08\/puntoslimpiosmarin3.jpeg?resize=60%2C80&amp;ssl=1 60w\" alt=\"mini puntos limpios\" width=\"1200\" height=\"1600\" \/><\/figure>\n<\/div>\n<div class=\"single56__before_content\" style=\"text-align: center;\"><a href=\"https:\/\/diariomarin.com\/author\/avertigo\/\" rel=\"author\">Avelino Dom\u00ednguez<\/a><\/div>\n<div style=\"text-align: center;\"><a href=\"https:\/\/diariomarin.com\/2023\/08\/marin-recicla-una-tonelada-de-pilas-en-los-minipuntos-limpios-en-2022\/\">Leer la noticia original en Diario Mar\u00edn<\/a><\/div>\n<div class=\"entry-content single56__content single56__post_content\">\n<div id=\"ez-toc-container\" class=\"ez-toc-v2_0_33 counter-hierarchy ez-toc-grey ez-toc-container-direction\">\n<div class=\"ez-toc-title-container\">\n<p class=\"ez-toc-title\">Contenidos del articulo<\/p>\n<span class=\"ez-toc-title-toggle\"><a href=\"#\" class=\"ez-toc-pull-right ez-toc-btn ez-toc-btn-xs ez-toc-btn-default ez-toc-toggle\" style=\"display: none;\"><label for=\"item\" aria-label=\"Tabla de contenidos\"><i class=\"ez-toc-glyphicon ez-toc-icon-toggle\"><\/i><\/label><input type=\"checkbox\" id=\"item\"><\/a><\/span><\/div>\n<nav><ul class='ez-toc-list ez-toc-list-level-1'><li class='ez-toc-page-1 ez-toc-heading-level-2'><a class=\"ez-toc-link ez-toc-heading-1\" href=\"https:\/\/www.blipvert.es\/es\/marin-pontevedra-recicla-una-tonelada-de-pilas-en-los-minipuntos-limpios-en-2022\/#Pilas-y-electronica-lideran-el-ranking\" title=\"Pilas y electr\u00f3nica lideran el r\u00e1nking\">Pilas y electr\u00f3nica lideran el r\u00e1nking<\/a><\/li><li class='ez-toc-page-1 ez-toc-heading-level-2'><a class=\"ez-toc-link ez-toc-heading-2\" href=\"https:\/\/www.blipvert.es\/es\/marin-pontevedra-recicla-una-tonelada-de-pilas-en-los-minipuntos-limpios-en-2022\/#Ahorrar-reciclando\" title=\"Ahorrar reciclando\">Ahorrar reciclando<\/a><\/li><li class='ez-toc-page-1 ez-toc-heading-level-2'><a class=\"ez-toc-link ez-toc-heading-3\" href=\"https:\/\/www.blipvert.es\/es\/marin-pontevedra-recicla-una-tonelada-de-pilas-en-los-minipuntos-limpios-en-2022\/#45-kilos-de-cartuchos-de-tinta-y-24-de-CD%C2%B4s\" title=\"45 kilos de cartuchos de tinta y 24 de CD\u00b4s\">45 kilos de cartuchos de tinta y 24 de CD\u00b4s<\/a><\/li><li class='ez-toc-page-1 ez-toc-heading-level-2'><a class=\"ez-toc-link ez-toc-heading-4\" href=\"https:\/\/www.blipvert.es\/es\/marin-pontevedra-recicla-una-tonelada-de-pilas-en-los-minipuntos-limpios-en-2022\/#Separacion-de-residuos\" title=\"Separaci\u00f3n de residuos\">Separaci\u00f3n de residuos<\/a><\/li><\/ul><\/nav><\/div>\n<h2 class=\"wp-block-heading\"><span class=\"ez-toc-section\" id=\"Pilas-y-electronica-lideran-el-ranking\"><\/span>Pilas y electr\u00f3nica lideran el r\u00e1nking<span class=\"ez-toc-section-end\"><\/span><\/h2>\n<p>Por volumen de reciclaje, el <strong>63% del total de residuos<\/strong> <strong>con 1.050 kilos<\/strong>correspondieron a <strong>bater\u00edas y pilas usadas<\/strong> e inmediatamente en segunda posici\u00f3n lo alcanzaron los <strong>equipos el\u00e9ctricos y electr\u00f3nicos<\/strong> desechados (RAEES) con <strong>320 kilos<\/strong> en donde se pueden a\u00f1adir ahora los tel\u00e9fonos m\u00f3viles mientras que las <strong>c\u00e1psulas de caf\u00e9<\/strong> representaron un <strong>7,57%<\/strong>, un residuo que desde hace poco tiempo que se ha a\u00f1adido una secci\u00f3n para ese tipo de residuo.<\/p>\n<figure class=\"wp-block-image size-full\"><img class=\"wp-image-8282\" src=\"https:\/\/i0.wp.com\/diariomarin.com\/wp-content\/uploads\/2023\/08\/grafico_residuos-1.png?resize=1000%2C600&amp;ssl=1\" sizes=\"(max-width: 1000px) 100vw, 1000px\" srcset=\"https:\/\/i0.wp.com\/diariomarin.com\/wp-content\/uploads\/2023\/08\/grafico_residuos-1.png?w=1000&amp;ssl=1 1000w, https:\/\/i0.wp.com\/diariomarin.com\/wp-content\/uploads\/2023\/08\/grafico_residuos-1.png?resize=300%2C180&amp;ssl=1 300w, https:\/\/i0.wp.com\/diariomarin.com\/wp-content\/uploads\/2023\/08\/grafico_residuos-1.png?resize=768%2C461&amp;ssl=1 768w, https:\/\/i0.wp.com\/diariomarin.com\/wp-content\/uploads\/2023\/08\/grafico_residuos-1.png?resize=60%2C36&amp;ssl=1 60w\" alt=\"mar\u00edn recogida puntos mini puntos limpios\" width=\"660\" height=\"396\" \/><\/figure>\n<h2 class=\"wp-block-heading\"><span class=\"ez-toc-section\" id=\"Ahorrar-reciclando\"><\/span>Ahorrar reciclando<span class=\"ez-toc-section-end\"><\/span><\/h2>\n<p>Otra iniciativa importante es la que tiene lugar en el Mercado de Mar\u00edn, donde se encuentra el punto \u00abRecicla e Ahorra\u00bb para botellas de pl\u00e1stico y latas puesta en marcha por la Asociaci\u00f3n de Comerciantes de la Plaza de Abastos de Mar\u00edn.<\/p>\n<p>Esta m\u00e1quina que permite la acumulaci\u00f3n de tickets para poder canjearlos en las compras con los puestos asociados, estuvo desconectada durante la pandemia pero en marzo de este mismo a\u00f1o se volvi\u00f3 a abrir con una nueva funcionalidad: una compactadora con la que se triplica la capacidad de envases de pl\u00e1stico, optimizando de este modo las funciones de la m\u00e1quina y ahorrando costes de log\u00edstica.<\/p>\n<h2 class=\"wp-block-heading\"><span class=\"ez-toc-section\" id=\"45-kilos-de-cartuchos-de-tinta-y-24-de-CD%C2%B4s\"><\/span>45 kilos de cartuchos de tinta y 24 de CD\u00b4s<span class=\"ez-toc-section-end\"><\/span><\/h2>\n<p>Adem\u00e1s de los residuos de pilas y residuos electr\u00f3nicos ya citados, la empresa Blipvert ha recogido en el periodo descrito unos 45 kilos de cartuchos de tinta y 24 kilos de CD\u00b4s. Los datos del conjunto de la recogida de residuos son los siguientes:<\/p>\n<figure class=\"wp-block-table is-style-stripes\">\n<table class=\"has-fixed-layout\">\n<thead>\n<tr>\n<th><strong>RESIDUO RECOGIDO<\/strong><\/th>\n<th><strong>LER<br \/>\n(Listado europeo de residuos)<\/strong><\/th>\n<th><strong>GESTOR FINAL<\/strong><\/th>\n<th class=\"has-text-align-center\" data-align=\"center\"><strong>CANTIDAD<\/strong><\/th>\n<th><strong>DESTINO FINAL<\/strong><\/th>\n<\/tr>\n<\/thead>\n<tbody>\n<tr>\n<td>Cartuchos de tinta<\/td>\n<td>15 01 05 (Envases compuestos)<\/td>\n<td>Ridel Noroeste S.L.<\/td>\n<td class=\"has-text-align-center\" data-align=\"center\"><strong>45 kg.<\/strong><\/td>\n<td>R3 (Recuperaci\u00f3n de sustancias org\u00e1nicas que no se utilizan como disolventes)<\/td>\n<\/tr>\n<tr>\n<td>RAEES<\/td>\n<td>20 01 35 (Equipos el\u00e9ctricos y electr\u00f3nicos desechados)<\/td>\n<td>Georecovering S.L.<\/td>\n<td class=\"has-text-align-center\" data-align=\"center\"><strong>320 kg.<\/strong><\/td>\n<td>R4\/R5 (Recuperaci\u00f3n de metales y compuestos met\u00e1licos.<br \/>\nRecuperaci\u00f3n de otras materias inorg\u00e1nicas.)<\/td>\n<\/tr>\n<tr>\n<td>Bater\u00edas y pilas usadas<\/td>\n<td>16 06 03 (Pilas que contienen mercurio)<\/td>\n<td>Georecovering S.L.<\/td>\n<td class=\"has-text-align-center\" data-align=\"center\"><strong>1050 kg.<\/strong><\/td>\n<td>R4 (Recuperaci\u00f3n de metales y compuestos met\u00e1licos)<\/td>\n<\/tr>\n<tr>\n<td>L\u00e1mparas (fluorescentes bajo consumo y LED)<\/td>\n<td>20 01 21 Y 20 01 36<\/td>\n<td>Georecovering S.L.<\/td>\n<td class=\"has-text-align-center\" data-align=\"center\"><strong>87 kg.<\/strong><\/td>\n<td>R4 (Recuperaci\u00f3n de metales y compuestos met\u00e1licos)<\/td>\n<\/tr>\n<tr>\n<td>C\u00e1psulas de caf\u00e9<\/td>\n<td>02 03 04<\/td>\n<td>Acteco Productos y Servicios S.L.<\/td>\n<td class=\"has-text-align-center\" data-align=\"center\"><strong>125 kg.<\/strong><\/td>\n<td>R3 (Recuperaci\u00f3n de sustancias org\u00e1nicas que no se utilizan como disolventes)<\/td>\n<\/tr>\n<tr>\n<td>CD\u00b4s<\/td>\n<td>20 014 39 y 15 01 02<\/td>\n<td>Georecovering S.L.<\/td>\n<td class=\"has-text-align-center\" data-align=\"center\"><strong>24 kg.<\/strong><\/td>\n<td>R3 (Recuperaci\u00f3n de sustancias org\u00e1nicas que no se utilizan como disolventes)<\/td>\n<\/tr>\n<\/tbody>\n<\/table>\n<\/figure>\n<p><strong>Diario Mar\u00edn<\/strong> se ha puesto en contacto con la empresa <a href=\"http:\/\/blipvert.es\/es\">blipvert<\/a> que se encarga de la gesti\u00f3n de los mini puntos y nos comenta que se ha realizado la gesti\u00f3n adecuada de todos los residuos mediante su reciclaje y la valorizaci\u00f3n seg\u00fan el <a href=\"https:\/\/www.boe.es\/buscar\/doc.php?id=BOE-A-2021-796\" target=\"_blank\" rel=\"noreferrer noopener\">Real Decreto 27\/2021<\/a> de 24 de agosto para el <strong>Concello de Mar\u00edn<\/strong>durante el a\u00f1o 2022. Con respecto a a\u00f1os anteriores se ha a\u00f1adido la fila de c\u00e1psulas de caf\u00e9 que otros a\u00f1os no figuraba y se ha sustituido la de m\u00f3viles (ahora se pueden tirar junto a los RAAE\u00b4s). El campo LER, <a href=\"https:\/\/eur-lex.europa.eu\/legal-content\/ES\/TXT\/PDF\/?uri=CELEX:32014D0955\" target=\"_blank\" rel=\"noreferrer noopener\">listado europeo de residuos<\/a>, tiene una nomenclatura que depende del tipo de residuo.<\/p>\n<figure class=\"wp-block-table\">\n<table>\n<thead>\n<tr>\n<th>Residuo Recogido<\/th>\n<th class=\"has-text-align-center\" data-align=\"center\">Cantidad<\/th>\n<th class=\"has-text-align-right\" data-align=\"right\">Porcentaje (%)<\/th>\n<\/tr>\n<\/thead>\n<tbody>\n<tr>\n<td>Bater\u00edas y pilas usadas<\/td>\n<td class=\"has-text-align-center\" data-align=\"center\">1050<\/td>\n<td class=\"has-text-align-right\" data-align=\"right\">63.59<\/td>\n<\/tr>\n<tr>\n<td>RAEES<\/td>\n<td class=\"has-text-align-center\" data-align=\"center\">320<\/td>\n<td class=\"has-text-align-right\" data-align=\"right\">19.38<\/td>\n<\/tr>\n<tr>\n<td>C\u00e1psulas de caf\u00e9<\/td>\n<td class=\"has-text-align-center\" data-align=\"center\">125<\/td>\n<td class=\"has-text-align-right\" data-align=\"right\">7.57<\/td>\n<\/tr>\n<tr>\n<td>L\u00e1mparas (fluorescentes bajo consumo y LED)<\/td>\n<td class=\"has-text-align-center\" data-align=\"center\">87<\/td>\n<td class=\"has-text-align-right\" data-align=\"right\">5.26<\/td>\n<\/tr>\n<tr>\n<td>Cartuchos de tinta<\/td>\n<td class=\"has-text-align-center\" data-align=\"center\">45<\/td>\n<td class=\"has-text-align-right\" data-align=\"right\">2.72<\/td>\n<\/tr>\n<tr>\n<td>CD\u00b4s<\/td>\n<td class=\"has-text-align-center\" data-align=\"center\">24<\/td>\n<td class=\"has-text-align-right\" data-align=\"right\">1.45<\/td>\n<\/tr>\n<\/tbody>\n<\/table>\n<p>&nbsp;<\/figure>\n<h2 class=\"wp-block-heading\"><span class=\"ez-toc-section\" id=\"Separacion-de-residuos\"><\/span>Separaci\u00f3n de residuos<span class=\"ez-toc-section-end\"><\/span><\/h2>\n<p>Los puntos limpios, espacios designados para la recopilaci\u00f3n y clasificaci\u00f3n de residuos, desempe\u00f1an un papel fundamental en la gesti\u00f3n ambiental. Estos lugares permiten a las comunidades desechar y reciclar de manera responsable elementos que no deben ser eliminados en la basura convencional. Al promover la separaci\u00f3n de residuos como papel, vidrio, pl\u00e1stico y productos qu\u00edmicos, los puntos limpios reducen la contaminaci\u00f3n y fomentan la reutilizaci\u00f3n de materiales.<\/p>\n<p>Esta pr\u00e1ctica contribuye significativamente a la conservaci\u00f3n de recursos naturales, la minimizaci\u00f3n de la huella de carbono y la preservaci\u00f3n de ecosistemas. La existencia y el uso adecuado de puntos limpios son esenciales para un futuro sostenible y saludable.<\/p>\n<\/div>\n","protected":false},"excerpt":{"rendered":"<p>La toma de conciencia de las ventajas del reciclaje y la econom\u00eda circular entre los marinenses, que permiten la reutilizaci\u00f3n de materiales para luchar contra el cambio clim\u00e1tico, est\u00e1 avalada por cifras. Los vecinos de [&hellip;]<\/p>\n","protected":false},"author":3,"featured_media":18403,"comment_status":"closed","ping_status":"closed","sticky":false,"template":"","format":"standard","meta":[],"categories":[61],"tags":[],"_links":{"self":[{"href":"https:\/\/www.blipvert.es\/es\/wp-json\/wp\/v2\/posts\/17641"}],"collection":[{"href":"https:\/\/www.blipvert.es\/es\/wp-json\/wp\/v2\/posts"}],"about":[{"href":"https:\/\/www.blipvert.es\/es\/wp-json\/wp\/v2\/types\/post"}],"author":[{"embeddable":true,"href":"https:\/\/www.blipvert.es\/es\/wp-json\/wp\/v2\/users\/3"}],"replies":[{"embeddable":true,"href":"https:\/\/www.blipvert.es\/es\/wp-json\/wp\/v2\/comments?post=17641"}],"version-history":[{"count":1,"href":"https:\/\/www.blipvert.es\/es\/wp-json\/wp\/v2\/posts\/17641\/revisions"}],"predecessor-version":[{"id":17645,"href":"https:\/\/www.blipvert.es\/es\/wp-json\/wp\/v2\/posts\/17641\/revisions\/17645"}],"wp:featuredmedia":[{"embeddable":true,"href":"https:\/\/www.blipvert.es\/es\/wp-json\/wp\/v2\/media\/18403"}],"wp:attachment":[{"href":"https:\/\/www.blipvert.es\/es\/wp-json\/wp\/v2\/media?parent=17641"}],"wp:term":[{"taxonomy":"category","embeddable":true,"href":"https:\/\/www.blipvert.es\/es\/wp-json\/wp\/v2\/categories?post=17641"},{"taxonomy":"post_tag","embeddable":true,"href":"https:\/\/www.blipvert.es\/es\/wp-json\/wp\/v2\/tags?post=17641"}],"curies":[{"name":"wp","href":"https:\/\/api.w.org\/{rel}","templated":true}]}}