{"id":17901,"date":"2023-10-18T14:21:36","date_gmt":"2023-10-18T12:21:36","guid":{"rendered":"https:\/\/www.blipvert.es\/?p=17901"},"modified":"2023-10-18T14:22:13","modified_gmt":"2023-10-18T12:22:13","slug":"reubicada-la-minideixalleria-dels-hostalets-de-balenya-la-plana-de-vic","status":"publish","type":"post","link":"https:\/\/www.blipvert.es\/es\/reubicada-la-minideixalleria-dels-hostalets-de-balenya-la-plana-de-vic\/","title":{"rendered":"REUBICADA LA MINIDEIXALLERIA DELS HOSTALETS DE BALENY\u00c0"},"content":{"rendered":"<p>MANCOMUNITAT DE LA PLANA.<br \/>\nLa minideixalleria per al reciclatge de miniresidus dels Hostalets de Baleny\u00e0, ha estat reubicada aquest mat\u00ed. Bon reciclatge.<\/p>\n<p><img class=\"aligncenter wp-image-17908 size-full\" src=\"https:\/\/www.blipvert.es\/wp-content\/uploads\/IMG-20231018-WA0003.jpg\" alt=\"\" width=\"871\" height=\"402\" srcset=\"https:\/\/www.blipvert.es\/wp-content\/uploads\/IMG-20231018-WA0003.jpg 871w, https:\/\/www.blipvert.es\/wp-content\/uploads\/IMG-20231018-WA0003-300x138.jpg 300w, https:\/\/www.blipvert.es\/wp-content\/uploads\/IMG-20231018-WA0003-150x69.jpg 150w, https:\/\/www.blipvert.es\/wp-content\/uploads\/IMG-20231018-WA0003-768x354.jpg 768w\" sizes=\"(max-width: 871px) 100vw, 871px\" \/><\/p>\n<p><img class=\"aligncenter wp-image-17905 \" src=\"https:\/\/www.blipvert.es\/wp-content\/uploads\/IMG-20231018-WA0016.jpg\" alt=\"\" width=\"871\" height=\"401\" srcset=\"https:\/\/www.blipvert.es\/wp-content\/uploads\/IMG-20231018-WA0016.jpg 1452w, https:\/\/www.blipvert.es\/wp-content\/uploads\/IMG-20231018-WA0016-300x138.jpg 300w, https:\/\/www.blipvert.es\/wp-content\/uploads\/IMG-20231018-WA0016-1280x590.jpg 1280w, https:\/\/www.blipvert.es\/wp-content\/uploads\/IMG-20231018-WA0016-150x69.jpg 150w, https:\/\/www.blipvert.es\/wp-content\/uploads\/IMG-20231018-WA0016-768x354.jpg 768w\" sizes=\"(max-width: 871px) 100vw, 871px\" \/><\/p>\n<p style=\"text-align: center;\">Redueix, reutiliza, i com a \u00faltima opci\u00f3, recicla.<br \/>\n<a href=\"https:\/\/www.blipvert.es\/minideixalleria\/\">Blipvert Recologics, 2023<\/a><\/p>\n","protected":false},"excerpt":{"rendered":"<p>MANCOMUNITAT DE LA PLANA. La minideixalleria per al reciclatge de miniresidus dels Hostalets de Baleny\u00e0, ha estat reubicada aquest mat\u00ed. Bon reciclatge. Redueix, reutiliza, i com a \u00faltima opci\u00f3, recicla. Blipvert Recologics, 2023<\/p>\n","protected":false},"author":3,"featured_media":17908,"comment_status":"closed","ping_status":"closed","sticky":false,"template":"","format":"standard","meta":[],"categories":[31],"tags":[],"_links":{"self":[{"href":"https:\/\/www.blipvert.es\/es\/wp-json\/wp\/v2\/posts\/17901"}],"collection":[{"href":"https:\/\/www.blipvert.es\/es\/wp-json\/wp\/v2\/posts"}],"about":[{"href":"https:\/\/www.blipvert.es\/es\/wp-json\/wp\/v2\/types\/post"}],"author":[{"embeddable":true,"href":"https:\/\/www.blipvert.es\/es\/wp-json\/wp\/v2\/users\/3"}],"replies":[{"embeddable":true,"href":"https:\/\/www.blipvert.es\/es\/wp-json\/wp\/v2\/comments?post=17901"}],"version-history":[{"count":2,"href":"https:\/\/www.blipvert.es\/es\/wp-json\/wp\/v2\/posts\/17901\/revisions"}],"predecessor-version":[{"id":17912,"href":"https:\/\/www.blipvert.es\/es\/wp-json\/wp\/v2\/posts\/17901\/revisions\/17912"}],"wp:featuredmedia":[{"embeddable":true,"href":"https:\/\/www.blipvert.es\/es\/wp-json\/wp\/v2\/media\/17908"}],"wp:attachment":[{"href":"https:\/\/www.blipvert.es\/es\/wp-json\/wp\/v2\/media?parent=17901"}],"wp:term":[{"taxonomy":"category","embeddable":true,"href":"https:\/\/www.blipvert.es\/es\/wp-json\/wp\/v2\/categories?post=17901"},{"taxonomy":"post_tag","embeddable":true,"href":"https:\/\/www.blipvert.es\/es\/wp-json\/wp\/v2\/tags?post=17901"}],"curies":[{"name":"wp","href":"https:\/\/api.w.org\/{rel}","templated":true}]}}