{"id":18249,"date":"2024-01-22T14:43:43","date_gmt":"2024-01-22T12:43:43","guid":{"rendered":"https:\/\/www.blipvert.es\/?p=18249"},"modified":"2024-01-23T15:08:32","modified_gmt":"2024-01-23T13:08:32","slug":"puigcerda-redacta-una-ordenanca-de-convivencia-per-endrecar-la-vila","status":"publish","type":"post","link":"https:\/\/www.blipvert.es\/es\/puigcerda-redacta-una-ordenanca-de-convivencia-per-endrecar-la-vila\/","title":{"rendered":"PUIGCERD\u00c0 REDACTA UNA ORDENAN\u00c7A DE CONVIV\u00c8NCIA PER ENDRE\u00c7AR LA VILA"},"content":{"rendered":"<p class=\"article-body__text article-body__text--entry article-body__text-middle\">L\u2018Ajuntament de Puigcerd\u00e0 ha impulsat la redacci\u00f3 i aprovaci\u00f3 d\u2019una nova ordenan\u00e7a de Conviv\u00e8ncia Ciutadana que regular\u00e0 les activitats a l\u2019espai p\u00fablic.\u00a0El text condicionar\u00e0 aspectes com la publicitat i accions que es pot fer als carrers, l\u2019abandonament de material com ara runa o el mal aparcament de vehicles, aspecte sobre el qual el Govern ha anunciat la fi d\u2019una certa permisivitat existent fins ara en l\u2019estacionament.<\/p>\n<p><img class=\"aligncenter wp-image-18250 size-full\" src=\"https:\/\/www.blipvert.es\/wp-content\/uploads\/91f3cbf1-8ff6-435f-8ad6-a823f09c32eb_16-9-discover-aspect-ratio_default_0.jpg\" alt=\"\" width=\"1200\" height=\"675\" srcset=\"https:\/\/www.blipvert.es\/wp-content\/uploads\/91f3cbf1-8ff6-435f-8ad6-a823f09c32eb_16-9-discover-aspect-ratio_default_0.jpg 1200w, https:\/\/www.blipvert.es\/wp-content\/uploads\/91f3cbf1-8ff6-435f-8ad6-a823f09c32eb_16-9-discover-aspect-ratio_default_0-300x169.jpg 300w, https:\/\/www.blipvert.es\/wp-content\/uploads\/91f3cbf1-8ff6-435f-8ad6-a823f09c32eb_16-9-discover-aspect-ratio_default_0-150x84.jpg 150w, https:\/\/www.blipvert.es\/wp-content\/uploads\/91f3cbf1-8ff6-435f-8ad6-a823f09c32eb_16-9-discover-aspect-ratio_default_0-768x432.jpg 768w\" sizes=\"(max-width: 1200px) 100vw, 1200px\" \/><\/p>\n<div class=\"article-body--seo-closed\">\n<p class=\"article-body__text \">La nova reglamentaci\u00f3 local estar\u00e0 oberta per tal que s\u2019hi vagin afegint aspectes que el consistori vagi veient com a necessaris. L\u2019objectiu de la norma \u00e9s netejar i endre\u00e7ar la vila, un dels grans reptes assumits per l\u2019equip de govern. Aix\u00ed, l\u2019ordenan\u00e7a parteix de la voluntat de \u00abregular l\u2019activitat de les persones f\u00edsiques i jur\u00eddiques que es desenvolupa principalment a la via p\u00fablica i a altres espais i serveis de domini p\u00fablic, o que transcendeix l\u2019\u00e0mbit estrictament privat, mitjan\u00e7ant la modulaci\u00f3 o limitaci\u00f3 de determinats tipus de comportaments, per tal d\u2019aconseguir el benestar col\u00b7lectiu i possibilitar la conviv\u00e8ncia ciutadana, determinant mecanismes per corregir i, si escau, sancionar les actituds inc\u00edviques, negligents i irresponsables que deterioren la qualitat de vida de la ciutadania del poble\u00bb. Aix\u00ed, amb aquest nou document, l\u2019Ajuntament de Puigcerd\u00e0 tindr\u00e0 una \u00abeina que ha de concretar les conductes i comportaments inadequats en els espais p\u00fablics, que fins ara no es trobaven tipificats, per tal de millorar la conviv\u00e8ncia ciutadana a la via p\u00fablica\u00bb, segons especifica la mem\u00f2ria de l\u2019ordenan\u00e7a.\u00a0En la feina de redacci\u00f3 inicial del text hi han pres part totes les \u00e0rees de l\u2019Ajuntament per tal de fer-lo el m\u00e9s ampli possible.<\/p>\n<p class=\"article-body__text \"><strong>\u00abPedagogia i despr\u00e9s\u00a0<\/strong><b>sanci\u00f3<\/b><\/p>\n<p class=\"article-body__text \">El tinent alcalde de Puigcerd\u00e0, Francesc Armengol, ha argumentat que \u00abera una norma que ens calia perqu\u00e8 \u00e9s la que ens ha de permetre conviure amb unes regles del joc;fins ara no pod\u00edem actuar ni amb runes al carrer ni amb pisos amb gossos.\u00a0No sortirem dem\u00e0 a sancionar sin\u00f3 a fer pedagogia i a solucionar els casos, per\u00f2 quan calgui sancionar, es far\u00e0\u00bb.<\/p>\n<p class=\"article-body__text \">Pel que fa a la problem\u00e0tica concreta dels vehicles a la vila, Armengol ha apuntat que \u00abno volem parlar de les anteriors legislatures sin\u00f3 del futur, per\u00f2 hi ha hagut permisitivat amb els vehicles;\u00a0s\u2019est\u00e0 fent un recull dels mal aparcats i se\u2019ls informa i hi haur\u00e0 un moment en qu\u00e8 se\u2019ls sancionar\u00e0.\u00a0De vegades fins i tot posant una cinta policial la gent hi est\u00e0 aparcant; ens estem trobant amb vehicles reincidents. Treballarem fent pedagogia, seguiment per part dels t\u00e8cnics, en aquest cas la Policia Local i, quan toqui, se sancionar\u00e0\u00bb.<\/p>\n<\/div>\n<p>&nbsp;<\/p>\n<p style=\"text-align: center;\"><a href=\"https:\/\/www.regio7.cat\/cerdanya\/2024\/01\/19\/puigcerda-redacta-ordenanca-convivencia-per-97055794.html\">Llegir la not\u00edcia original al diari Regi\u00f3 7<\/a><\/p>\n<p style=\"text-align: center;\">Redueix, reutiliza, i com a \u00faltima opci\u00f3, recicla.<br \/>\n<a href=\"https:\/\/www.blipvert.es\/minideixalleria\/\">Blipvert Recologics, 2024<\/a><\/p>\n","protected":false},"excerpt":{"rendered":"<p>L\u2018Ajuntament de Puigcerd\u00e0 ha impulsat la redacci\u00f3 i aprovaci\u00f3 d\u2019una nova ordenan\u00e7a de Conviv\u00e8ncia Ciutadana que regular\u00e0 les activitats a l\u2019espai p\u00fablic.\u00a0El text condicionar\u00e0 aspectes com la publicitat i accions que es pot fer als [&hellip;]<\/p>\n","protected":false},"author":3,"featured_media":18250,"comment_status":"closed","ping_status":"closed","sticky":false,"template":"","format":"standard","meta":[],"categories":[31],"tags":[],"_links":{"self":[{"href":"https:\/\/www.blipvert.es\/es\/wp-json\/wp\/v2\/posts\/18249"}],"collection":[{"href":"https:\/\/www.blipvert.es\/es\/wp-json\/wp\/v2\/posts"}],"about":[{"href":"https:\/\/www.blipvert.es\/es\/wp-json\/wp\/v2\/types\/post"}],"author":[{"embeddable":true,"href":"https:\/\/www.blipvert.es\/es\/wp-json\/wp\/v2\/users\/3"}],"replies":[{"embeddable":true,"href":"https:\/\/www.blipvert.es\/es\/wp-json\/wp\/v2\/comments?post=18249"}],"version-history":[{"count":2,"href":"https:\/\/www.blipvert.es\/es\/wp-json\/wp\/v2\/posts\/18249\/revisions"}],"predecessor-version":[{"id":18254,"href":"https:\/\/www.blipvert.es\/es\/wp-json\/wp\/v2\/posts\/18249\/revisions\/18254"}],"wp:featuredmedia":[{"embeddable":true,"href":"https:\/\/www.blipvert.es\/es\/wp-json\/wp\/v2\/media\/18250"}],"wp:attachment":[{"href":"https:\/\/www.blipvert.es\/es\/wp-json\/wp\/v2\/media?parent=18249"}],"wp:term":[{"taxonomy":"category","embeddable":true,"href":"https:\/\/www.blipvert.es\/es\/wp-json\/wp\/v2\/categories?post=18249"},{"taxonomy":"post_tag","embeddable":true,"href":"https:\/\/www.blipvert.es\/es\/wp-json\/wp\/v2\/tags?post=18249"}],"curies":[{"name":"wp","href":"https:\/\/api.w.org\/{rel}","templated":true}]}}