{"id":18255,"date":"2024-01-23T15:07:06","date_gmt":"2024-01-23T13:07:06","guid":{"rendered":"https:\/\/www.blipvert.es\/?p=18255"},"modified":"2024-01-24T17:47:06","modified_gmt":"2024-01-24T15:47:06","slug":"les-escoles-de-platja-daro-visiten-les-minideixalleries-com-a-activitat-relacionada-amb-el-reciclatge","status":"publish","type":"post","link":"https:\/\/www.blipvert.es\/es\/les-escoles-de-platja-daro-visiten-les-minideixalleries-com-a-activitat-relacionada-amb-el-reciclatge\/","title":{"rendered":"LES ESCOLES DE PLATJA D&#8217;ARO VISITEN LES MINIDEIXALLERIES COM A ACTIVITAT SOSTENIBLE"},"content":{"rendered":"<p>Dins de les activistats del curs dels alumnes de les escoles de Platja d&#8217;Aro, est\u00e1 la visita a les minideixalleries urbanes, per tal de fomentar el seu \u00fas, i la cultura del reciclatge i la sostenibilitat entre els m\u00e9s joves.<\/p>\n<p><img class=\"aligncenter wp-image-18271 size-full\" src=\"https:\/\/www.blipvert.es\/wp-content\/uploads\/activitats-relacionadas.png\" alt=\"\" width=\"897\" height=\"562\" srcset=\"https:\/\/www.blipvert.es\/wp-content\/uploads\/activitats-relacionadas.png 897w, https:\/\/www.blipvert.es\/wp-content\/uploads\/activitats-relacionadas-300x188.png 300w, https:\/\/www.blipvert.es\/wp-content\/uploads\/activitats-relacionadas-150x94.png 150w, https:\/\/www.blipvert.es\/wp-content\/uploads\/activitats-relacionadas-768x481.png 768w\" sizes=\"(max-width: 897px) 100vw, 897px\" \/><\/p>\n<p style=\"text-align: center;\"><a href=\"https:\/\/ciutada.platjadaro.com\/serveis\/educacio-i-formacio\/centre-formacio-persones-adultes\/activitats-del-curs\/\">Llegir la not\u00edcia original al web de l&#8217;Ajuntament de Castell-Platja d&#8217;Aro<\/a><\/p>\n<p style=\"text-align: center;\">Redueix, reutiliza, i com a \u00faltima opci\u00f3, recicla.<br \/>\n<a href=\"https:\/\/www.blipvert.es\/minideixalleria\/\">Blipvert Recologics, 2024<\/a><\/p>\n<p>&nbsp;<\/p>\n","protected":false},"excerpt":{"rendered":"<p>Dins de les activistats del curs dels alumnes de les escoles de Platja d&#8217;Aro, est\u00e1 la visita a les minideixalleries urbanes, per tal de fomentar el seu \u00fas, i la cultura del reciclatge i la [&hellip;]<\/p>\n","protected":false},"author":3,"featured_media":18271,"comment_status":"closed","ping_status":"closed","sticky":false,"template":"","format":"standard","meta":[],"categories":[31],"tags":[],"_links":{"self":[{"href":"https:\/\/www.blipvert.es\/es\/wp-json\/wp\/v2\/posts\/18255"}],"collection":[{"href":"https:\/\/www.blipvert.es\/es\/wp-json\/wp\/v2\/posts"}],"about":[{"href":"https:\/\/www.blipvert.es\/es\/wp-json\/wp\/v2\/types\/post"}],"author":[{"embeddable":true,"href":"https:\/\/www.blipvert.es\/es\/wp-json\/wp\/v2\/users\/3"}],"replies":[{"embeddable":true,"href":"https:\/\/www.blipvert.es\/es\/wp-json\/wp\/v2\/comments?post=18255"}],"version-history":[{"count":6,"href":"https:\/\/www.blipvert.es\/es\/wp-json\/wp\/v2\/posts\/18255\/revisions"}],"predecessor-version":[{"id":18275,"href":"https:\/\/www.blipvert.es\/es\/wp-json\/wp\/v2\/posts\/18255\/revisions\/18275"}],"wp:featuredmedia":[{"embeddable":true,"href":"https:\/\/www.blipvert.es\/es\/wp-json\/wp\/v2\/media\/18271"}],"wp:attachment":[{"href":"https:\/\/www.blipvert.es\/es\/wp-json\/wp\/v2\/media?parent=18255"}],"wp:term":[{"taxonomy":"category","embeddable":true,"href":"https:\/\/www.blipvert.es\/es\/wp-json\/wp\/v2\/categories?post=18255"},{"taxonomy":"post_tag","embeddable":true,"href":"https:\/\/www.blipvert.es\/es\/wp-json\/wp\/v2\/tags?post=18255"}],"curies":[{"name":"wp","href":"https:\/\/api.w.org\/{rel}","templated":true}]}}