{"id":20406,"date":"2025-03-17T12:18:22","date_gmt":"2025-03-17T10:18:22","guid":{"rendered":"https:\/\/www.blipvert.es\/?p=20406"},"modified":"2025-05-14T12:11:20","modified_gmt":"2025-05-14T10:11:20","slug":"formentera","status":"publish","type":"post","link":"https:\/\/www.blipvert.es\/es\/formentera\/","title":{"rendered":"NUEVO SERVICIO DE MINIDEIXALLERIA EN LA ISLA DE FORMENTERA"},"content":{"rendered":"<p class=\"ft-layout-grid-flex__colXs-12 ft-layout-grid-flex__rowAddsGutter-0\">Recogida de pilas, bombillas y c\u00e1psulas de caf\u00e9 en Sant Ferran.\u00a0El Consell instala un peque\u00f1o punto de recogida para facilitar el reciclado de peque\u00f1os objetos que no deben ir a los otros contenedores existentes.<\/p>\n<p><img class=\"aligncenter wp-image-20386 size-full\" src=\"https:\/\/www.blipvert.es\/wp-content\/uploads\/Formentera4.webp\" alt=\"\" width=\"1360\" height=\"907\" srcset=\"https:\/\/www.blipvert.es\/wp-content\/uploads\/Formentera4.webp 1360w, https:\/\/www.blipvert.es\/wp-content\/uploads\/Formentera4-300x200.webp 300w, https:\/\/www.blipvert.es\/wp-content\/uploads\/Formentera4-1280x854.webp 1280w, https:\/\/www.blipvert.es\/wp-content\/uploads\/Formentera4-150x100.webp 150w, https:\/\/www.blipvert.es\/wp-content\/uploads\/Formentera4-768x512.webp 768w\" sizes=\"(max-width: 1360px) 100vw, 1360px\" \/><\/p>\n<div class=\"ft-mol-writer ft-mol-writer--side ft-mol-writer--sideHasimage\">\n<div class=\"ft-mol-writer__item\">\n<div class=\"ft-mol-writer__title\">Formentera cuenta a partir de ahora con un punto de reciclaje de objetos como pilas, c\u00e1psulas de caf\u00e9, cables y conectores, cartuchos de tinta, y bombillas, que ayudar\u00e1 al correcto reciclaje de peque\u00f1os residuos que, por su naturaleza, no deber\u00edan ser depositados en los contenedores normales. La peque\u00f1a instalaci\u00f3n, que se asemeja a un soporte publicitario, se ha colocado en la calle Joan Castell\u00f3 Guasch de Sant Ferran, junto a la carretera que atraviesa la localidad, para garantizar el f\u00e1cil acceso de los usuarios.<\/div>\n<\/div>\n<\/div>\n<div class=\"ft-layout-grid-flex__nested ft-layout-grid-flex__nestedGutter-0\">\n<div class=\"ft-layout-grid-flex__colXs-12 ft-layout-grid-flex__colSm-11\">\n<p>Seg\u00fan explic\u00f3 la consellera de Medio Ambiente, Ver\u00f3nica Castell\u00f3, durante la presentaci\u00f3n del dispositivo, la instalaci\u00f3n de estos puntos de reciclaje estaba incluida en la nueva contrata del servicio de recogida y transporte de residuos que gestiona la empresa PreZero. Castell\u00f3 consider\u00f3 que con este punto de reciclaje \u00abse ha dado un importante paso hacia la sostenibilidad y la protecci\u00f3n del medioambiente.<\/p>\n<aside class=\"ft-ad ft-ad--intext ft-helper-hide-xs\">\n<div id=\"intext-desktop-1\">\n<div id=\"intext-sunmedia-1\">La nueva instalaci\u00f3n est\u00e1 destinada a recibir una variedad de residuos y para ello consta de peque\u00f1as aberturas diferenciadas por colores con dibujos y el nombre del residuo que se debe depositar. As\u00ed, hay siete orificios para pilas, bater\u00edas y acumuladores, bombillas LED, bombillas tradicionales, cartuchos de tinta de impresora, peque\u00f1os aparatos el\u00e9ctricos y electr\u00f3nicos (RAEE), y c\u00e1psulas de caf\u00e9.<\/div>\n<\/div>\n<\/aside>\n<p>Los trabajadores de PreZero ser\u00e1n los encargados de recoger estos residuos cuando se llenen los dep\u00f3sitos y los trasladar\u00e1n al lugar adecuado para su correcto reciclado. En este sentido, la consellera de Medio Ambiente, que acudi\u00f3 a la presentaci\u00f3n en compa\u00f1\u00eda del director insular del \u00e1rea, Pippo Vulpis, explic\u00f3 que estos objetos, si no se gestionan adecuadamente, \u00abpueden suponer un impacto negativo en nuestro entorno y contaminar el suelo y el agua, afectando a la salud de los ecosistemas locales\u00bb. Hasta ahora, a falta de un lugar espec\u00edfico, la mayor\u00eda de estos objetos de uso cotidiano se depositaban en los contenedores de basura, lo que puede suponer un riesgo al llegar a las plantas de tratamiento de residuos, ya que los aparatos electr\u00f3nicos y las bater\u00edas pueden explotar y provocar peque\u00f1os incendios.Castell\u00f3 consider\u00f3 tambi\u00e9n que la importancia de acercar este tipo de iniciativas al ciudadano \u00abradica en la necesidad de fomentar una cultura de reciclaje responsable\u00bb. \u00abProporcionando un lugar espec\u00edfico para depositar este tipo de residuos, el Consell no solo facilita el proceso, sino que tambi\u00e9n crea conciencia y promueve h\u00e1bitos m\u00e1s respetuosos con el entorno natural\u00bb, asegur\u00f3.<\/p>\n<p>Tras esta primera \u2018Minideixalleria\u2019, instalada en Sant Ferran, se estudiara la respuesta de los usuarios y se colocar\u00e1n otros similares en todas las localidades de la isla.<\/p>\n<\/div>\n<\/div>\n<h5 style=\"text-align: center;\"><img class=\"aligncenter wp-image-20407 size-full\" src=\"https:\/\/www.blipvert.es\/wp-content\/uploads\/Formentera1-2.webp\" alt=\"\" width=\"880\" height=\"495\" srcset=\"https:\/\/www.blipvert.es\/wp-content\/uploads\/Formentera1-2.webp 880w, https:\/\/www.blipvert.es\/wp-content\/uploads\/Formentera1-2-300x169.webp 300w, https:\/\/www.blipvert.es\/wp-content\/uploads\/Formentera1-2-150x84.webp 150w, https:\/\/www.blipvert.es\/wp-content\/uploads\/Formentera1-2-768x432.webp 768w\" sizes=\"(max-width: 880px) 100vw, 880px\" \/> La consellera de Medio Ambiente, Ver\u00f3nica Castell\u00f3, y el director insular del \u00e1rea, Pippo Vulpis. | P.M.V.<\/h5>\n<div class=\"td-post-content tagdiv-type\">\n<p>&nbsp;<\/p>\n<p class=\"ft-mol-writer__titleOpinion ft-helper-fontColor-primary ft-helper-fontSize-body-L--small\" style=\"text-align: center;\">Art\u00edculo original de <a class=\"ft-link ft-helper-fontColor-primary\" title=\"Pilar Mart\u00ednez\" href=\"https:\/\/www.diariodeibiza.es\/autores\/pilar-martinez.html\" target=\"_self\" rel=\"noopener\">Pilar Mart\u00ednez<\/a><\/p>\n<p style=\"text-align: center;\"><a href=\"https:\/\/www.diariodeibiza.es\/ibiza\/2025\/03\/15\/recogida-pilas-bombillas-capsulas-cafe-115311655.html\">Leer el art\u00edculo original en diariodeibiza.es<\/a><br \/>\n<a href=\"http:\/\/formenteraavui.com\/2025\/03\/14\/nuevo-punto-recogida-pequenos-dispositivos-electronicos-pilas-baterias-bombillas-cartuchos-impresoras-capsulas-cafe\/\">Leer la noticia en Formenteraavui.com<\/a><br \/>\n<a href=\"https:\/\/www.radioillaformentera.cat\/el-consell-installara-mes-minideixalleries-com-la-de-sant-ferran-a-la-resta-de-pobles\/whatsapp-image-2025-03-14-at-16-59-59\/\">Leer la noticia en radioillaformentera.cat<\/a><br \/>\n<a href=\"https:\/\/www.ibiza-heute.de\/neuer-mini-recylinghof-auf-formentera\/\">Leer la noticia en alem\u00e1n en Ibiza-heute.de<\/a><\/p>\n<\/div>\n<p>&nbsp;<\/p>\n<p style=\"text-align: center;\">Reduce, reutiliza, y como \u00faltima opci\u00f3n, recicla<br \/>\nBlipvert Recologics, 2025<\/p>\n","protected":false},"excerpt":{"rendered":"<p>Recogida de pilas, bombillas y c\u00e1psulas de caf\u00e9 en Sant Ferran.\u00a0El Consell instala un peque\u00f1o punto de recogida para facilitar el reciclado de peque\u00f1os objetos que no deben ir a los otros contenedores existentes. Formentera [&hellip;]<\/p>\n","protected":false},"author":3,"featured_media":20386,"comment_status":"closed","ping_status":"closed","sticky":false,"template":"","format":"standard","meta":[],"categories":[64],"tags":[],"_links":{"self":[{"href":"https:\/\/www.blipvert.es\/es\/wp-json\/wp\/v2\/posts\/20406"}],"collection":[{"href":"https:\/\/www.blipvert.es\/es\/wp-json\/wp\/v2\/posts"}],"about":[{"href":"https:\/\/www.blipvert.es\/es\/wp-json\/wp\/v2\/types\/post"}],"author":[{"embeddable":true,"href":"https:\/\/www.blipvert.es\/es\/wp-json\/wp\/v2\/users\/3"}],"replies":[{"embeddable":true,"href":"https:\/\/www.blipvert.es\/es\/wp-json\/wp\/v2\/comments?post=20406"}],"version-history":[{"count":9,"href":"https:\/\/www.blipvert.es\/es\/wp-json\/wp\/v2\/posts\/20406\/revisions"}],"predecessor-version":[{"id":20420,"href":"https:\/\/www.blipvert.es\/es\/wp-json\/wp\/v2\/posts\/20406\/revisions\/20420"}],"wp:featuredmedia":[{"embeddable":true,"href":"https:\/\/www.blipvert.es\/es\/wp-json\/wp\/v2\/media\/20386"}],"wp:attachment":[{"href":"https:\/\/www.blipvert.es\/es\/wp-json\/wp\/v2\/media?parent=20406"}],"wp:term":[{"taxonomy":"category","embeddable":true,"href":"https:\/\/www.blipvert.es\/es\/wp-json\/wp\/v2\/categories?post=20406"},{"taxonomy":"post_tag","embeddable":true,"href":"https:\/\/www.blipvert.es\/es\/wp-json\/wp\/v2\/tags?post=20406"}],"curies":[{"name":"wp","href":"https:\/\/api.w.org\/{rel}","templated":true}]}}