{"id":20865,"date":"2025-06-03T12:24:51","date_gmt":"2025-06-03T10:24:51","guid":{"rendered":"https:\/\/www.blipvert.es\/?p=20865"},"modified":"2025-06-17T12:02:54","modified_gmt":"2025-06-17T10:02:54","slug":"damm-promueve-la-economia-circular-con-la-instalacion-de-400-compactadoras-de-latas-en-el-mediterraneo","status":"publish","type":"post","link":"https:\/\/www.blipvert.es\/es\/damm-promueve-la-economia-circular-con-la-instalacion-de-400-compactadoras-de-latas-en-el-mediterraneo\/","title":{"rendered":"DAMM PROMUEVE LA ECONOM\u00cdA CIRCULAR CON LA INSTALACI\u00d3N DE 400 COMPACTADORAS DE LATAS EN EL MEDITERR\u00c1NEO"},"content":{"rendered":"<h2>Coincidiendo con el inicio del verano, la compa\u00f1\u00eda vuelve a lanzar su campa\u00f1a de concienciaci\u00f3n y pedagog\u00eda sobre el reciclaje del aluminio en la costa mediterr\u00e1nea.<\/h2>\n<p>&nbsp;<\/p>\n<p>Con la llegada del verano, Damm vuelve a poner en marcha su tradicional campa\u00f1a de impulso al reciclaje de latas de aluminio en las playas del litoral mediterr\u00e1neo. Un a\u00f1o m\u00e1s, la cervecera ha instalado cerca de<strong> 400 m\u00e1quinas compactadoras<\/strong> en municipios repartidos por la costa mediterr\u00e1nea con el objetivo de facilitar la correcta separaci\u00f3n de residuos y dar una nueva vida a este material infinitamente reciclable.<\/p>\n<p><img class=\"aligncenter wp-image-20869 size-full\" src=\"https:\/\/www.blipvert.es\/wp-content\/uploads\/Damm20252.jpg\" alt=\"\" width=\"600\" height=\"400\" srcset=\"https:\/\/www.blipvert.es\/wp-content\/uploads\/Damm20252.jpg 600w, https:\/\/www.blipvert.es\/wp-content\/uploads\/Damm20252-300x200.jpg 300w, https:\/\/www.blipvert.es\/wp-content\/uploads\/Damm20252-150x100.jpg 150w\" sizes=\"(max-width: 600px) 100vw, 600px\" \/><\/p>\n<p>Durante la \u00faltima campa\u00f1a se consiguieron superar, <strong>por segundo verano consecutivo,<\/strong> las <strong>6 toneladas de aluminio recuperado<\/strong>, lo que equivale a unas<strong> 600.000 latas recicladas<\/strong>. Esta cifra no solo refleja el compromiso de los ciudadanos y visitantes del litoral con el reciclaje y la sostenibilidad, sino que tambi\u00e9n representa un ahorro de emisiones equivalente al CO\u2082 que generar\u00eda un veh\u00edculo en funcionamiento continuo durante m\u00e1s de un a\u00f1o.<\/p>\n<p>A lo largo de sus m\u00e1s de 30 a\u00f1os de historia, <strong>esta iniciativa pionera se ha consolidado como un sistema eficaz y accesible para fomentar el reciclaje de latas en el litoral mediterr\u00e1neo.<\/strong> Las m\u00e1quinas compactadoras, instaladas en puntos estrat\u00e9gicos, permiten a los usuarios reciclar sus latas de forma c\u00f3moda y directa. Una vez recogidas, las latas se compactan, transportan y procesan para recuperar el aluminio, que se limpia, se funde y se transforman en nuevas l\u00e1minas listas para su reutilizaci\u00f3n. As\u00ed, se cierra el ciclo de vida del envase y se impulsa un modelo de econom\u00eda circular real y tangible.<\/p>\n<p>Como muestra de este compromiso, en 2021 Damm se convirti\u00f3 en la primera compa\u00f1\u00eda del mundo en obtener la certificaci\u00f3n ASI (Aluminium Stewardship Initiative) Performance Standard y Chain of Custody Standard, una doble certificaci\u00f3n que garantiza los m\u00e1s altos est\u00e1ndares ambientales, \u00e9ticos y sociales para toda la cadena de valor del aluminio.<\/p>\n<p><em>\u201cDesde Damm llevamos a\u00f1os impulsando iniciativas que fomentan la econom\u00eda circular y el respeto por el entorno, alineadas con nuestro compromiso con los Objetivos de Desarrollo Sostenible. Ver c\u00f3mo la campa\u00f1a de reciclaje de latas contin\u00faa creciendo y consolid\u00e1ndose nos motiva a seguir trabajando en esta l\u00ednea. La implicaci\u00f3n de miles de personas demuestra que peque\u00f1os gestos, como depositar una lata en una m\u00e1quina compactadora de Damm, pueden tener un gran impacto colectivo en la conservaci\u00f3n del medio ambiente\u201d,<\/em> coment\u00f3 <strong>Juan Antonio L\u00f3pez Abad\u00eda<\/strong>, director Optimizaci\u00f3n de Energ\u00eda y Medio Ambiente de\u00a0Damm.<\/p>\n<p><img class=\"aligncenter wp-image-20872 \" src=\"https:\/\/www.blipvert.es\/wp-content\/uploads\/Damm20251-1.webp\" alt=\"\" width=\"603\" height=\"339\" srcset=\"https:\/\/www.blipvert.es\/wp-content\/uploads\/Damm20251-1.webp 1200w, https:\/\/www.blipvert.es\/wp-content\/uploads\/Damm20251-1-300x169.webp 300w, https:\/\/www.blipvert.es\/wp-content\/uploads\/Damm20251-1-150x84.webp 150w, https:\/\/www.blipvert.es\/wp-content\/uploads\/Damm20251-1-768x432.webp 768w\" sizes=\"(max-width: 603px) 100vw, 603px\" \/><\/p>\n<p style=\"text-align: center;\"><a href=\"https:\/\/www.dammcorporate.com\/es\/damm-promueve-la-economia-circular-con-la-instalacion-de-400-compactadoras-de-latas-en-el\">Leer la noticia original en Damm Corporate<\/a><br \/>\n<a href=\"https:\/\/www.economiadigital.es\/empresas\/damm-campana-reciclaje-playas.html\">Leer la noticia en economiadigital.es<\/a><br \/>\n<a href=\"https:\/\/www.industriambiente.com\/noticias\/20250602\/damm-promueve-economia-circular-con-instalacion-400-compactadoras-latas-en-mediterraneo\">Leer la noticia en industriambiente.com<\/a><br \/>\n<a href=\"https:\/\/congresodiario.com\/damm-lanza-400-compactadoras-reciclaje-latas-playas\/\">Leer la noticia en congresodiario.com<\/a><br \/>\n<a href=\"https:\/\/www.msn.com\/es-es\/dinero\/empresa\/damm-promueve-la-econom%C3%ADa-circular-con-la-instalaci\u00f3n-de-400-compactadores-de-latas-en-el-mediterr\u00e1neo\/ar-AA1FM3ap\">Leer la noticia en msn.com<\/a><br \/>\n<a href=\"https:\/\/www.ara.cat\/societat\/damm-reinicia-campanya-l-any-passat-recaptar-6-tones-d-alumini_25_5397500.html\">Llegir la noticia al diari ara.cat\u00a0<\/a><br \/>\n<a href=\"https:\/\/theobjective.com\/sociedad\/medioambiente\/2025-05-30\/damm-impulsa-reciclaje-instalando-compactadoras-latas-mediterraneo\/\">Leer la noticia en theobjective.com<\/a><br \/>\n<a href=\"https:\/\/okdiario.com\/okgreen\/damm-promueve-economia-circular-instalacion-400-compactadoras-latas-mediterraneo-14856942\">Leer la noticia en okdiario.com<\/a><br \/>\n<a href=\"https:\/\/www.compromisorse.com\/rse\/2025\/06\/03\/damm-promueve-la-economia-circular\/#:~:text=A%20lo%20largo%20de%20sus,de%20forma%20c\u00f3moda%20y%20directa.\">Leer la noticia en compromisorse.com<\/a><br \/>\n<a href=\"https:\/\/www.corresponsables.com\/actualidad\/medioambiente\/400-compactadoras-latas-instaladas-costa-mediterranea-una-iniciativa-damm-para-promover-economia-circular\/\">Leer la noticia en corresponsables.com<\/a><\/p>\n<p>&nbsp;<\/p>\n<p style=\"text-align: center;\">Reduce, reutiliza, y como \u00faltima opci\u00f3n, recicla.<br \/>\nBlipvert Recologics, 2025<\/p>\n","protected":false},"excerpt":{"rendered":"<p>Coincidiendo con el inicio del verano, la compa\u00f1\u00eda vuelve a lanzar su campa\u00f1a de concienciaci\u00f3n y pedagog\u00eda sobre el reciclaje del aluminio en la costa mediterr\u00e1nea. &nbsp; Con la llegada del verano, Damm vuelve a [&hellip;]<\/p>\n","protected":false},"author":3,"featured_media":20866,"comment_status":"closed","ping_status":"closed","sticky":false,"template":"","format":"standard","meta":[],"categories":[31],"tags":[],"_links":{"self":[{"href":"https:\/\/www.blipvert.es\/es\/wp-json\/wp\/v2\/posts\/20865"}],"collection":[{"href":"https:\/\/www.blipvert.es\/es\/wp-json\/wp\/v2\/posts"}],"about":[{"href":"https:\/\/www.blipvert.es\/es\/wp-json\/wp\/v2\/types\/post"}],"author":[{"embeddable":true,"href":"https:\/\/www.blipvert.es\/es\/wp-json\/wp\/v2\/users\/3"}],"replies":[{"embeddable":true,"href":"https:\/\/www.blipvert.es\/es\/wp-json\/wp\/v2\/comments?post=20865"}],"version-history":[{"count":7,"href":"https:\/\/www.blipvert.es\/es\/wp-json\/wp\/v2\/posts\/20865\/revisions"}],"predecessor-version":[{"id":20885,"href":"https:\/\/www.blipvert.es\/es\/wp-json\/wp\/v2\/posts\/20865\/revisions\/20885"}],"wp:featuredmedia":[{"embeddable":true,"href":"https:\/\/www.blipvert.es\/es\/wp-json\/wp\/v2\/media\/20866"}],"wp:attachment":[{"href":"https:\/\/www.blipvert.es\/es\/wp-json\/wp\/v2\/media?parent=20865"}],"wp:term":[{"taxonomy":"category","embeddable":true,"href":"https:\/\/www.blipvert.es\/es\/wp-json\/wp\/v2\/categories?post=20865"},{"taxonomy":"post_tag","embeddable":true,"href":"https:\/\/www.blipvert.es\/es\/wp-json\/wp\/v2\/tags?post=20865"}],"curies":[{"name":"wp","href":"https:\/\/api.w.org\/{rel}","templated":true}]}}