{"id":2889,"date":"2019-05-13T14:29:50","date_gmt":"2019-05-13T12:29:50","guid":{"rendered":"https:\/\/www.blipvert.es\/?p=2889"},"modified":"2020-01-23T18:12:05","modified_gmt":"2020-01-23T16:12:05","slug":"blipvert-instal-la-12-minideixalleries-blipvert-per-miniresidus-contaminants-a-la-ciutat-de-girona","status":"publish","type":"post","link":"https:\/\/www.blipvert.es\/es\/blipvert-instal-la-12-minideixalleries-blipvert-per-miniresidus-contaminants-a-la-ciutat-de-girona\/","title":{"rendered":"L&#8217;AJUNTAMENT DE GIRONA I BLIPVERT INSTAL.LEN 12 MINIDEIXALLERIES PER MINIRESIDUS EN DIFERENTS PUNTS DE LA CIUTAT"},"content":{"rendered":"<p>L&#8217; Ajuntament de Girona ha instal\u00b7lat minideixalleries blipvert en dotze punts de la ciutat. Concretament, s\u2019hi poden dipositar CD, DVD, cartutxos per impressores, piles, bateries, maquinetes d\u2019afaitar, aparells el\u00e8ctrics i electr\u00f2nics (RAEE) de petit format, i bombetes LED i de baix consum.<br \/>\nEls llocs on es podran trobar aquestes minideixalleries s\u00f3n:<\/p>\n<p>1. Pla\u00e7a de Catalunya.<br \/>\n2. Pla\u00e7a de la Reina Sibil\u00b7la de Forti\u00e0.<br \/>\n3. Cru\u00eflla de la Gran Via de Jaume I amb el carrer de Francesc Coll i Turbau.<br \/>\n4. Pla\u00e7a de Miquel Santal\u00f3.<br \/>\n5. Pla\u00e7a del Marqu\u00e8s de Camps.<br \/>\n6. Cru\u00eflla del carrer de Bonastruc de Porta amb la ronda de Ferran Puig.<br \/>\n7. Cru\u00eflla del carrer de Crist\u00f2fol Grober amb el carrer de la S\u00e8quia.<br \/>\n8. Cru\u00eflla del carrer de Can Sunyer amb el carrer de Bosquet.<br \/>\n9. Pla\u00e7a de Joan Brossa.<br \/>\n10. Pla\u00e7a d\u2019Europa.<br \/>\n11. Pla\u00e7a dels Pa\u00efsos Catalans.<br \/>\n12. Cru\u00eflla del carrer d\u2019Emili Grahit amb el carrer del Migdia.<\/p>\n<p>Bon reciclatge!!!<\/p>\n<p><img class=\"alignnone wp-image-2895 size-large\" src=\"https:\/\/www.blipvert.es\/wp-content\/uploads\/IMG-20190509-WA0005-1280x720.jpg\" alt=\"\" width=\"1280\" height=\"720\" srcset=\"https:\/\/www.blipvert.es\/wp-content\/uploads\/IMG-20190509-WA0005-1280x720.jpg 1280w, https:\/\/www.blipvert.es\/wp-content\/uploads\/IMG-20190509-WA0005-150x84.jpg 150w, https:\/\/www.blipvert.es\/wp-content\/uploads\/IMG-20190509-WA0005-300x169.jpg 300w, https:\/\/www.blipvert.es\/wp-content\/uploads\/IMG-20190509-WA0005-768x432.jpg 768w, https:\/\/www.blipvert.es\/wp-content\/uploads\/IMG-20190509-WA0005.jpg 1600w\" sizes=\"(max-width: 1280px) 100vw, 1280px\" \/><\/p>\n<p>Fonts:<\/p>\n<p>Ajuntament de Girona<\/p>\n<p><a href=\"http:\/\/www2.girona.cat\/ca\/noticies\/-\/journal_content\/56_INSTANCE_9oNf\/11622\/5931463?refererPlid=24974\">http:\/\/www2.girona.cat\/ca\/noticies\/-\/journal_content\/56_INSTANCE_9oNf\/11622\/5931463?refererPlid=24974<\/a><\/p>\n<p>Diari de Girona<\/p>\n<p><a href=\"https:\/\/www.diaridegirona.cat\/girona\/2019\/05\/11\/girona-installa-onze-minideixalleries-llencar\/979552.html\">https:\/\/www.diaridegirona.cat\/girona\/2019\/05\/11\/girona-installa-onze-minideixalleries-llencar\/979552.html<\/a><\/p>\n<p>El Geri\u00f3 digital<\/p>\n<p><a href=\"https:\/\/www.gerio.cat\/noticia\/634056\/lajuntament-de-girona-installa-minideixalleries-en-dotze-punts-de-la-ciutat\">https:\/\/www.gerio.cat\/noticia\/634056\/lajuntament-de-girona-installa-minideixalleries-en-dotze-punts-de-la-ciutat<\/a><\/p>\n<p>&nbsp;<\/p>\n","protected":false},"excerpt":{"rendered":"<p>L&#8217; Ajuntament de Girona ha instal\u00b7lat minideixalleries blipvert en dotze punts de la ciutat. Concretament, s\u2019hi poden dipositar CD, DVD, cartutxos per impressores, piles, bateries, maquinetes d\u2019afaitar, aparells el\u00e8ctrics i electr\u00f2nics (RAEE) de petit format, [&hellip;]<\/p>\n","protected":false},"author":3,"featured_media":2892,"comment_status":"closed","ping_status":"closed","sticky":false,"template":"","format":"standard","meta":[],"categories":[31],"tags":[],"_links":{"self":[{"href":"https:\/\/www.blipvert.es\/es\/wp-json\/wp\/v2\/posts\/2889"}],"collection":[{"href":"https:\/\/www.blipvert.es\/es\/wp-json\/wp\/v2\/posts"}],"about":[{"href":"https:\/\/www.blipvert.es\/es\/wp-json\/wp\/v2\/types\/post"}],"author":[{"embeddable":true,"href":"https:\/\/www.blipvert.es\/es\/wp-json\/wp\/v2\/users\/3"}],"replies":[{"embeddable":true,"href":"https:\/\/www.blipvert.es\/es\/wp-json\/wp\/v2\/comments?post=2889"}],"version-history":[{"count":4,"href":"https:\/\/www.blipvert.es\/es\/wp-json\/wp\/v2\/posts\/2889\/revisions"}],"predecessor-version":[{"id":3098,"href":"https:\/\/www.blipvert.es\/es\/wp-json\/wp\/v2\/posts\/2889\/revisions\/3098"}],"wp:featuredmedia":[{"embeddable":true,"href":"https:\/\/www.blipvert.es\/es\/wp-json\/wp\/v2\/media\/2892"}],"wp:attachment":[{"href":"https:\/\/www.blipvert.es\/es\/wp-json\/wp\/v2\/media?parent=2889"}],"wp:term":[{"taxonomy":"category","embeddable":true,"href":"https:\/\/www.blipvert.es\/es\/wp-json\/wp\/v2\/categories?post=2889"},{"taxonomy":"post_tag","embeddable":true,"href":"https:\/\/www.blipvert.es\/es\/wp-json\/wp\/v2\/tags?post=2889"}],"curies":[{"name":"wp","href":"https:\/\/api.w.org\/{rel}","templated":true}]}}